{"id":8233,"date":"2023-12-01T23:54:02","date_gmt":"2023-12-01T23:54:02","guid":{"rendered":"https:\/\/radiocresatelital.com\/?p=8233"},"modified":"2023-12-01T23:54:08","modified_gmt":"2023-12-01T23:54:08","slug":"nuevo-ministerio-del-deporte-cumplio-su-primera-visita-en-territorio-en-guayas","status":"publish","type":"post","link":"https:\/\/radiocresatelital.com\/?p=8233","title":{"rendered":"Nuevo Ministerio del Deporte cumpli\u00f3 su primera visita en territorio en Guayas"},"content":{"rendered":"<p>Guayaquil.- Andr\u00e9s Guschmer, Ministro del Deporte, cumpli\u00f3 su primera agenda en territorio del Guayas, realizando varias actividades en Guayaquil y Dur\u00e1n. Su primera actividad se desarroll\u00f3 en el Centro de Entrenamiento de Alto Rendimiento (CEAR) donde dialog\u00f3 con el coronel William Albi\u00f1o de la Polic\u00eda Nacional, cuyo personal de la Unidad de Mantenimiento del Orden (UMO) hace uso de estas instalaciones para su entrenamiento.<\/p>\n<p>Asimismo, el ministro mantuvo conversaciones con los c\u00f3nsules de Panam\u00e1 y Rep\u00fablica Dominicana, fortaleciendo lazos internacionales en el \u00e1mbito deportivo y cultural.<\/p>\n<p>Posteriormente, se traslad\u00f3 a Guayaquil donde acudi\u00f3 a la Unidad Educativa Aguirre Abad para conocer a damas y varones que se activan con los proyectos socio-deportivos de esta Cartera de Estado. En este espacio, presenci\u00f3 una demostraci\u00f3n de las habilidades, coordinaci\u00f3n, velocidad y resistencia de los beneficiados, compartiendo momentos de recreaci\u00f3n con los alumnos en las din\u00e1micas recreativas y en un r\u00e1pido encuentro de f\u00fatbol.<\/p>\n<p>La jornada concluy\u00f3 con una reuni\u00f3n de trabajo junto al equipo de la Federaci\u00f3n Deportiva del Guayas, destacada sede y campeona de los Juegos Nacionales de Menores 2023.<\/p>\n<p>De esta manera, el ministro reafirm\u00f3 su compromiso con el impulso del deporte como factor clave para el bienestar social y el desarrollo integral de la poblaci\u00f3n.<\/p>\n","protected":false},"excerpt":{"rendered":"<p>Guayaquil.- Andr\u00e9s Guschmer, Ministro del Deporte, cumpli\u00f3 su primera agenda en territorio del Guayas, realizando varias actividades en Guayaquil y Dur\u00e1n. Su primera actividad se desarroll\u00f3 en el Centro de Entrenamiento de Alto Rendimiento (CEAR) donde dialog\u00f3 con el coronel William Albi\u00f1o de la Polic\u00eda Nacional, cuyo personal de la Unidad de Mantenimiento del Orden [&hellip;]<\/p>\n","protected":false},"author":2,"featured_media":8234,"comment_status":"open","ping_status":"closed","sticky":false,"template":"","format":"standard","meta":{"_jetpack_memberships_contains_paid_content":false,"footnotes":""},"categories":[9],"tags":[1210,1401],"class_list":["post-8233","post","type-post","status-publish","format-standard","has-post-thumbnail","hentry","category-deportes","tag-andres-guschmer","tag-minsitro-del-deporte"],"jetpack_featured_media_url":"https:\/\/radiocresatelital.com\/wp-content\/uploads\/2023\/12\/GAR-vYnXAAAseoV.jpeg","jetpack_sharing_enabled":true,"_links":{"self":[{"href":"https:\/\/radiocresatelital.com\/index.php?rest_route=\/wp\/v2\/posts\/8233","targetHints":{"allow":["GET"]}}],"collection":[{"href":"https:\/\/radiocresatelital.com\/index.php?rest_route=\/wp\/v2\/posts"}],"about":[{"href":"https:\/\/radiocresatelital.com\/index.php?rest_route=\/wp\/v2\/types\/post"}],"author":[{"embeddable":true,"href":"https:\/\/radiocresatelital.com\/index.php?rest_route=\/wp\/v2\/users\/2"}],"replies":[{"embeddable":true,"href":"https:\/\/radiocresatelital.com\/index.php?rest_route=%2Fwp%2Fv2%2Fcomments&post=8233"}],"version-history":[{"count":2,"href":"https:\/\/radiocresatelital.com\/index.php?rest_route=\/wp\/v2\/posts\/8233\/revisions"}],"predecessor-version":[{"id":8236,"href":"https:\/\/radiocresatelital.com\/index.php?rest_route=\/wp\/v2\/posts\/8233\/revisions\/8236"}],"wp:featuredmedia":[{"embeddable":true,"href":"https:\/\/radiocresatelital.com\/index.php?rest_route=\/wp\/v2\/media\/8234"}],"wp:attachment":[{"href":"https:\/\/radiocresatelital.com\/index.php?rest_route=%2Fwp%2Fv2%2Fmedia&parent=8233"}],"wp:term":[{"taxonomy":"category","embeddable":true,"href":"https:\/\/radiocresatelital.com\/index.php?rest_route=%2Fwp%2Fv2%2Fcategories&post=8233"},{"taxonomy":"post_tag","embeddable":true,"href":"https:\/\/radiocresatelital.com\/index.php?rest_route=%2Fwp%2Fv2%2Ftags&post=8233"}],"curies":[{"name":"wp","href":"https:\/\/api.w.org\/{rel}","templated":true}]}}