{"id":8221,"date":"2023-12-01T22:38:01","date_gmt":"2023-12-01T22:38:01","guid":{"rendered":"https:\/\/radiocresatelital.com\/?p=8221"},"modified":"2023-12-01T22:38:01","modified_gmt":"2023-12-01T22:38:01","slug":"presidente-daniel-noboa-mantuvo-encuentros-con-organismos-nacionales-e-internacionales-desde-guayaquil","status":"publish","type":"post","link":"https:\/\/radiocresatelital.com\/?p=8221","title":{"rendered":"Presidente Daniel Noboa mantuvo encuentros con organismos nacionales e internacionales desde Guayaquil"},"content":{"rendered":"<p>Guayaquil.- La agenda de trabajo del presidente de la Rep\u00fablica, Daniel Noboa Azin, estuvo marcada por reuniones con representantes de organismos del sector social, econ\u00f3mico y tur\u00edstico. El prop\u00f3sito de estos encuentros es delinear la hoja de ruta que consolidar\u00e1 las pol\u00edticas, obras y acciones para el desarrollo de la naci\u00f3n.<\/p>\n<p>A primera hora, el jefe de Estado dialog\u00f3 con la directora de la agenda regional para Am\u00e9rica Latina del Foro Econ\u00f3mico Mundial, Marisol Argueta. En esta cita tambi\u00e9n estuvo presente la canciller, Gabriela Sommerfeld. El objetivo del encuentro fue encaminar acciones que fomenten el empleo joven y sostenible.<\/p>\n<p>La directora Argueta tambi\u00e9n exalt\u00f3 el mensaje de unidad que impulsa el nuevo Gobierno y coincidi\u00f3 con el primer mandatario en que es vital atender las urgencias del pa\u00eds de forma inmediata. Adem\u00e1s, inform\u00f3 que su organismo extendi\u00f3 una invitaci\u00f3n al presidente Noboa para participar en la reuni\u00f3n anual del Foro Econ\u00f3mico Mundial en Davos, que se llevar\u00e1 a cabo en enero.<\/p>\n<p>Este espacio constituye una plataforma internacional para exponer frente a l\u00edderes del sector p\u00fablico y privado las prioridades del Ecuador en materia de generaci\u00f3n de empleo juvenil; as\u00ed como los compromisos del pa\u00eds en \u00e1mbitos como participaci\u00f3n de la mujer, productividad, transici\u00f3n energ\u00e9tica y ambiental, comercio, entre otros.<\/p>\n<p>El mandatario tambi\u00e9n se reuni\u00f3 con representantes de la Junta de Beneficencia de Guayaquil. El director de la entidad, Juan Xavier Cordovez, calific\u00f3 esta reuni\u00f3n como positiva pues \u201cla Junta de Beneficencia es un socio estrat\u00e9gico del Gobierno, sobre todo, en soluciones sociales y de salud. Vemos con mucha esperanza que vamos a crecer en este proceso con el presidente Noboa\u201d, dijo.<\/p>\n<p>Uno de los temas abordados fue el compromiso econ\u00f3mico del Gobierno central con la Junta, y las posibles acciones de coordinaci\u00f3n que coadyuven al fortalecimiento de los servicios sociales que esta brinda a la ciudadan\u00eda de forma gratuita.<\/p>\n<p>Del mismo modo, el primer mandatario se reuni\u00f3 con el gobernador del Guayas, Alberto Molina, con quien trat\u00f3 sobre asuntos apremiantes para el desarrollo de la provincia y pr\u00f3ximas acciones gubernamentales. Tambi\u00e9n, dialog\u00f3 con inversionistas del sector tur\u00edstico, entre ellos, Keith Vincent, Ceo de Wilderness Safari, para revisar acciones que fortalezcan a esta industria.<\/p>\n","protected":false},"excerpt":{"rendered":"<p>Guayaquil.- La agenda de trabajo del presidente de la Rep\u00fablica, Daniel Noboa Azin, estuvo marcada por reuniones con representantes de organismos del sector social, econ\u00f3mico y tur\u00edstico. El prop\u00f3sito de estos encuentros es delinear la hoja de ruta que consolidar\u00e1 las pol\u00edticas, obras y acciones para el desarrollo de la naci\u00f3n. A primera hora, el [&hellip;]<\/p>\n","protected":false},"author":2,"featured_media":8222,"comment_status":"open","ping_status":"closed","sticky":false,"template":"","format":"standard","meta":{"_jetpack_memberships_contains_paid_content":false,"footnotes":""},"categories":[13],"tags":[1322],"class_list":["post-8221","post","type-post","status-publish","format-standard","has-post-thumbnail","hentry","category-noticias-nacionales","tag-presidente-daniel-noboa"],"jetpack_featured_media_url":"https:\/\/radiocresatelital.com\/wp-content\/uploads\/2023\/12\/53369415105_847fd8d71e_c.jpg","jetpack_sharing_enabled":true,"_links":{"self":[{"href":"https:\/\/radiocresatelital.com\/index.php?rest_route=\/wp\/v2\/posts\/8221","targetHints":{"allow":["GET"]}}],"collection":[{"href":"https:\/\/radiocresatelital.com\/index.php?rest_route=\/wp\/v2\/posts"}],"about":[{"href":"https:\/\/radiocresatelital.com\/index.php?rest_route=\/wp\/v2\/types\/post"}],"author":[{"embeddable":true,"href":"https:\/\/radiocresatelital.com\/index.php?rest_route=\/wp\/v2\/users\/2"}],"replies":[{"embeddable":true,"href":"https:\/\/radiocresatelital.com\/index.php?rest_route=%2Fwp%2Fv2%2Fcomments&post=8221"}],"version-history":[{"count":1,"href":"https:\/\/radiocresatelital.com\/index.php?rest_route=\/wp\/v2\/posts\/8221\/revisions"}],"predecessor-version":[{"id":8223,"href":"https:\/\/radiocresatelital.com\/index.php?rest_route=\/wp\/v2\/posts\/8221\/revisions\/8223"}],"wp:featuredmedia":[{"embeddable":true,"href":"https:\/\/radiocresatelital.com\/index.php?rest_route=\/wp\/v2\/media\/8222"}],"wp:attachment":[{"href":"https:\/\/radiocresatelital.com\/index.php?rest_route=%2Fwp%2Fv2%2Fmedia&parent=8221"}],"wp:term":[{"taxonomy":"category","embeddable":true,"href":"https:\/\/radiocresatelital.com\/index.php?rest_route=%2Fwp%2Fv2%2Fcategories&post=8221"},{"taxonomy":"post_tag","embeddable":true,"href":"https:\/\/radiocresatelital.com\/index.php?rest_route=%2Fwp%2Fv2%2Ftags&post=8221"}],"curies":[{"name":"wp","href":"https:\/\/api.w.org\/{rel}","templated":true}]}}