{"id":8218,"date":"2023-12-01T22:32:50","date_gmt":"2023-12-01T22:32:50","guid":{"rendered":"https:\/\/radiocresatelital.com\/?p=8218"},"modified":"2023-12-01T22:32:50","modified_gmt":"2023-12-01T22:32:50","slug":"atencion-rafael-nadal-esta-de-vuelta","status":"publish","type":"post","link":"https:\/\/radiocresatelital.com\/?p=8218","title":{"rendered":"Atenci\u00f3n Rafael Nadal est\u00e1 de vuelta"},"content":{"rendered":"<p>Madrid.-\u00a0 \u00abNos vemos en Brisbane\u00bb, afirm\u00f3 hoy el espa\u00f1ol Rafael Nadal, al anunciar su regreso a las canchas despu\u00e9s de casi un a\u00f1o de inactividad y confirmar una gran noticia para los amantes del tenis.<\/p>\n<p>\u00abDespu\u00e9s de un a\u00f1o, lleg\u00f3 el momento de volver a jugar\u00bb, agreg\u00f3 oriundo de Manacor, de 37 a\u00f1os y ganador de 22 t\u00edtulos de Grand Slam, entre tantos otros logros obtenidos a lo largo de su prol\u00edfica carrera.<\/p>\n<p>Una carrera que el propio Nadal confes\u00f3 meses atr\u00e1s que cerrar\u00e1 en 2024, la \u00faltima temporada de uno de los m\u00e1s grandes tenistas de la historia.<\/p>\n<p>As\u00ed las cosas, el espa\u00f1ol volver\u00e1 al ruedo en el ATP 250 de Brisbane, torneo que se pondr\u00e1 en marcha el 31 de diciembre y es la antesala del Abierto de Australia, donde jug\u00f3 su hasta hoy \u00faltimo partido.<\/p>\n<p>Fue con derrota frente al estadounidense Mackenzie McDonald en la segunda ronda del primer Grand Slam de la temporada que \u00a0conquist\u00f3 en 2009 y 2022 y en el que fue otras cuatro veces finalista.<\/p>\n<p>La presencia en Brisbane de Nadal hab\u00eda sido anticipada tiempo atr\u00e1s por el director del certamen, Craig Tiley, aunque la confirmaci\u00f3n lleg\u00f3 hoy de boca del propio interesado.<\/p>\n<p>\u00abNo quisiera cerrar mi carrera de este modo\u00bb, dec\u00eda tiempo atr\u00e1s Nadal cuando las dudas en torno a su regreso no hab\u00edan sido despejadas, aunque luego \u00e9l mismo se encargar\u00eda de hacerlo al afirmar: \u00abHasta ahora no sab\u00eda si volver\u00eda a jugar al tenis, pero hoy siento que s\u00ed\u00bb.<\/p>\n<p>\u00abNo s\u00e9 en qu\u00e9 nivel volver\u00e9, pero s\u00ed s\u00e9 que sigo teniendo el mismo entusiasmo. Hace un a\u00f1o que no juego y para m\u00ed ya es un triunfo personal haber mantenido la ilusi\u00f3n de poder regresar\u00bb, agreg\u00f3.<\/p>\n<p>\u00abSiento que ser\u00e1 dif\u00edcil volver a jugar como antes y que los dolores me acompa\u00f1ar\u00e1n, pero si no pensase que puedo volver a ser competitivo, no habr\u00eda trabajado tan duro durante estos meses\u00bb, agreg\u00f3.<\/p>\n<p>Una lesi\u00f3n en el s\u00f3leo de la pierna izquierda fue la que tuvo a maltraer durante tanto tiempo al espa\u00f1ol, integrante del denominado \u00abBig Three\u00bb que completan el serbio Novak Djokovic, a\u00fan activo y n\u00famero uno del mundo, y el ya retirado astro suizo Roger Federer.<\/p>\n<p>D\u00edas atr\u00e1s, Djokovic, flamante vencedor del ATP Finals de Tur\u00edn que conquist\u00f3 por s\u00e9ptima vez en su carrera, confesaba que extra\u00f1aba enfrentar a Nadal.<\/p>\n<p>Ambos animaron 59 duelos en el circuito en un historial favorable al serbio por apenas un triunfo (30 contra 29 del espa\u00f1ol).<\/p>\n<p>La \u00faltima vez que se enfrentaron fue en cuartos de final de Roland Garros y festej\u00f3 Nadal, el tenista m\u00e1s laureado de la historia en el Abierto de Francia con 14 coronas.<\/p>\n<p>Tras haber sido operado en junio, Nadal inici\u00f3 un tratamiento de rehabilitaci\u00f3n y se entrena con regularidad desde octubre para su regreso a las canchas.<\/p>\n<p>En el Abierto de Australia, que se jugar\u00e1 del 14 al 28 de enero, Nadal jugar\u00e1 con ranking protegido, pues su larga ausencia lo hizo retroceder al puesto 663 en un escalaf\u00f3n que tantas veces lo tuvo en la cima.<\/p>\n","protected":false},"excerpt":{"rendered":"<p>Madrid.-\u00a0 \u00abNos vemos en Brisbane\u00bb, afirm\u00f3 hoy el espa\u00f1ol Rafael Nadal, al anunciar su regreso a las canchas despu\u00e9s de casi un a\u00f1o de inactividad y confirmar una gran noticia para los amantes del tenis. \u00abDespu\u00e9s de un a\u00f1o, lleg\u00f3 el momento de volver a jugar\u00bb, agreg\u00f3 oriundo de Manacor, de 37 a\u00f1os y ganador [&hellip;]<\/p>\n","protected":false},"author":2,"featured_media":8219,"comment_status":"open","ping_status":"closed","sticky":false,"template":"","format":"standard","meta":{"_jetpack_memberships_contains_paid_content":false,"footnotes":""},"categories":[9,64],"tags":[843],"class_list":["post-8218","post","type-post","status-publish","format-standard","has-post-thumbnail","hentry","category-deportes","category-tenis","tag-rafael-nadal"],"jetpack_featured_media_url":"https:\/\/radiocresatelital.com\/wp-content\/uploads\/2023\/12\/d83ec863-d6e7-4660-839f-6370bafd5d43_alta-libre-aspect-ratio_default_0.jpg","jetpack_sharing_enabled":true,"_links":{"self":[{"href":"https:\/\/radiocresatelital.com\/index.php?rest_route=\/wp\/v2\/posts\/8218","targetHints":{"allow":["GET"]}}],"collection":[{"href":"https:\/\/radiocresatelital.com\/index.php?rest_route=\/wp\/v2\/posts"}],"about":[{"href":"https:\/\/radiocresatelital.com\/index.php?rest_route=\/wp\/v2\/types\/post"}],"author":[{"embeddable":true,"href":"https:\/\/radiocresatelital.com\/index.php?rest_route=\/wp\/v2\/users\/2"}],"replies":[{"embeddable":true,"href":"https:\/\/radiocresatelital.com\/index.php?rest_route=%2Fwp%2Fv2%2Fcomments&post=8218"}],"version-history":[{"count":1,"href":"https:\/\/radiocresatelital.com\/index.php?rest_route=\/wp\/v2\/posts\/8218\/revisions"}],"predecessor-version":[{"id":8220,"href":"https:\/\/radiocresatelital.com\/index.php?rest_route=\/wp\/v2\/posts\/8218\/revisions\/8220"}],"wp:featuredmedia":[{"embeddable":true,"href":"https:\/\/radiocresatelital.com\/index.php?rest_route=\/wp\/v2\/media\/8219"}],"wp:attachment":[{"href":"https:\/\/radiocresatelital.com\/index.php?rest_route=%2Fwp%2Fv2%2Fmedia&parent=8218"}],"wp:term":[{"taxonomy":"category","embeddable":true,"href":"https:\/\/radiocresatelital.com\/index.php?rest_route=%2Fwp%2Fv2%2Fcategories&post=8218"},{"taxonomy":"post_tag","embeddable":true,"href":"https:\/\/radiocresatelital.com\/index.php?rest_route=%2Fwp%2Fv2%2Ftags&post=8218"}],"curies":[{"name":"wp","href":"https:\/\/api.w.org\/{rel}","templated":true}]}}