{"id":8215,"date":"2023-12-01T19:26:52","date_gmt":"2023-12-01T19:26:52","guid":{"rendered":"https:\/\/radiocresatelital.com\/?p=8215"},"modified":"2023-12-01T21:30:46","modified_gmt":"2023-12-01T21:30:46","slug":"como-se-visualiza-el-2024-para-el-sector-de-seguros-en-ecuador","status":"publish","type":"post","link":"https:\/\/radiocresatelital.com\/?p=8215","title":{"rendered":"\u00bfC\u00f3mo se visualiza el 2024 para el sector de seguros en Ecuador?"},"content":{"rendered":"<p>Quito. \u2013 En el horizonte del 2024, las compa\u00f1\u00edas aseguradoras ecuatorianas se alistan para enfrentar un a\u00f1o lleno de desaf\u00edos y oportunidades. En un escenario marcado por la transici\u00f3n gubernamental, la persistente amenaza del fen\u00f3meno de El Ni\u00f1o, inquietudes en materia de seguridad ciudadana y un complejo panorama econ\u00f3mico, el sector de seguros se dispone a no solo encarar riesgos, sino a demostrar su capacidad de adaptaci\u00f3n a un entorno din\u00e1mico y cambiante.<\/p>\n<p>Desde una perspectiva de crecimiento, la Asociaci\u00f3n Ecuatoriana de Empresas de Seguros (AEES) proyecta un incremento del 2.8% en las primas de seguros para el pr\u00f3ximo a\u00f1o. Este avance estar\u00e1 respaldado por diversos factores que marcar\u00e1n la pauta, entre ellos: una recuperaci\u00f3n econ\u00f3mica, la concientizaci\u00f3n sobre la importancia de los seguros e implementaci\u00f3n de nuevas regulaciones en el mercado.<\/p>\n<p>Frente a este panorama, Javier Contreras, presidente ejecutivo de Grupo Conclina, explica que: \u201c<em>una de las tendencias crecientes en temas de salud es la personalizaci\u00f3n de planes que se adapten a las necesidades individuales de los clientes y que, adem\u00e1s, incluyen el uso de las tecnolog\u00edas digitales, como la telemedicina<\/em>\u201d.<\/p>\n<p>Por esta raz\u00f3n, compa\u00f1\u00edas de medicina prepagadas como Humana S.A., ha comprendido las necesidades reales de sus clientes y ha trabajado estrat\u00e9gicamente con planes m\u00e9dicos integrales, complementarios y dirigidos a las familias. Adem\u00e1s, incorporaron beneficios como: ambulancia terrestre, asistencia de viajes, asistencia exequial, consultas telem\u00e1ticas, m\u00e9dico y medicinas a domicilio.<\/p>\n<p>En general, el sector asegurador ecuatoriano tiene un panorama positivo para 2024. Sin embargo, tambi\u00e9n deber\u00e1n reforzar su capacidad para gestionar riesgos, creando propuestas y servicios de calidad y mejorando significativamente la experiencia ofrecida a sus clientes.<\/p>\n","protected":false},"excerpt":{"rendered":"<p>Quito. \u2013 En el horizonte del 2024, las compa\u00f1\u00edas aseguradoras ecuatorianas se alistan para enfrentar un a\u00f1o lleno de desaf\u00edos y oportunidades. En un escenario marcado por la transici\u00f3n gubernamental, la persistente amenaza del fen\u00f3meno de El Ni\u00f1o, inquietudes en materia de seguridad ciudadana y un complejo panorama econ\u00f3mico, el sector de seguros se dispone [&hellip;]<\/p>\n","protected":false},"author":2,"featured_media":8216,"comment_status":"open","ping_status":"closed","sticky":false,"template":"","format":"standard","meta":{"_jetpack_memberships_contains_paid_content":false,"footnotes":""},"categories":[13],"tags":[1396,1397],"class_list":["post-8215","post","type-post","status-publish","format-standard","has-post-thumbnail","hentry","category-noticias-nacionales","tag-asociacion-ecuatoriana","tag-empresas-de-seguros"],"jetpack_featured_media_url":"https:\/\/radiocresatelital.com\/wp-content\/uploads\/2023\/12\/738d4bb3-c95f-4681-9c1f-561526e4e42f.jpeg","jetpack_sharing_enabled":true,"_links":{"self":[{"href":"https:\/\/radiocresatelital.com\/index.php?rest_route=\/wp\/v2\/posts\/8215","targetHints":{"allow":["GET"]}}],"collection":[{"href":"https:\/\/radiocresatelital.com\/index.php?rest_route=\/wp\/v2\/posts"}],"about":[{"href":"https:\/\/radiocresatelital.com\/index.php?rest_route=\/wp\/v2\/types\/post"}],"author":[{"embeddable":true,"href":"https:\/\/radiocresatelital.com\/index.php?rest_route=\/wp\/v2\/users\/2"}],"replies":[{"embeddable":true,"href":"https:\/\/radiocresatelital.com\/index.php?rest_route=%2Fwp%2Fv2%2Fcomments&post=8215"}],"version-history":[{"count":1,"href":"https:\/\/radiocresatelital.com\/index.php?rest_route=\/wp\/v2\/posts\/8215\/revisions"}],"predecessor-version":[{"id":8217,"href":"https:\/\/radiocresatelital.com\/index.php?rest_route=\/wp\/v2\/posts\/8215\/revisions\/8217"}],"wp:featuredmedia":[{"embeddable":true,"href":"https:\/\/radiocresatelital.com\/index.php?rest_route=\/wp\/v2\/media\/8216"}],"wp:attachment":[{"href":"https:\/\/radiocresatelital.com\/index.php?rest_route=%2Fwp%2Fv2%2Fmedia&parent=8215"}],"wp:term":[{"taxonomy":"category","embeddable":true,"href":"https:\/\/radiocresatelital.com\/index.php?rest_route=%2Fwp%2Fv2%2Fcategories&post=8215"},{"taxonomy":"post_tag","embeddable":true,"href":"https:\/\/radiocresatelital.com\/index.php?rest_route=%2Fwp%2Fv2%2Ftags&post=8215"}],"curies":[{"name":"wp","href":"https:\/\/api.w.org\/{rel}","templated":true}]}}