{"id":8212,"date":"2023-12-01T21:22:33","date_gmt":"2023-12-01T21:22:33","guid":{"rendered":"https:\/\/radiocresatelital.com\/?p=8212"},"modified":"2023-12-01T21:22:33","modified_gmt":"2023-12-01T21:22:33","slug":"mies-organiza-foro-sobre-gestion-inclusiva-de-riesgos-de-desastres-con-enfoque-de-atencion-a-personas-con-discapacidad","status":"publish","type":"post","link":"https:\/\/radiocresatelital.com\/?p=8212","title":{"rendered":"MIES organiza foro sobre gesti\u00f3n inclusiva de riesgos de desastres, con enfoque de atenci\u00f3n a personas con discapacidad"},"content":{"rendered":"<p>Quito.- En el marco de las Jornadas \u201cInclusi\u00f3n Sin Barreras \u2013 Camino hacia la Vida Independiente\u201d, el Ministerio de Inclusi\u00f3n Econ\u00f3mica y Social (MIES) organiz\u00f3 hoy el foro \u201cGesti\u00f3n Inclusiva de Riesgos de Desastres \u2013 Un Desaf\u00edo para Ecuador\u201d. Esta actividad se cumpli\u00f3 en el auditorio de la Plataforma Social, ubicada en el sector de Quitumbe, al sur de Quito, con la participaci\u00f3n de alrededor de 400 personas, entre usuarios de los servicios para personas con discapacidad, equipos t\u00e9cnicos y representantes de varias instituciones de Estado y organismos internacionales que trabajan en beneficio de este sector de la poblaci\u00f3n.<\/p>\n<p>La bienvenida estuvo a cargo de la ministra de Inclusi\u00f3n Econ\u00f3mica y Social, Zaida Rovira, quien en su intervenci\u00f3n destac\u00f3 que una de las principales prioridades para el gobierno del presidente Daniel Noboa es proteger y garantizar los derechos de los grupos de atenci\u00f3n prioritaria y vulnerable del pa\u00eds. Asimismo, dijo que, a trav\u00e9s de estos espacios, se busca fomentar una cultura de prevenci\u00f3n y respuesta ante desastres naturales, con un enfoque de atenci\u00f3n a las personas con discapacidad.<\/p>\n<p>\u201cHoy, iniciamos el camino hacia el nuevo Ecuador y nuestro compromiso para trabajar por y para las y los ecuatorianos, pero especialmente para quienes m\u00e1s lo necesitan\u201d, agreg\u00f3. El objetivo del foro fue comprender la gesti\u00f3n del riesgo y, desde una visi\u00f3n inclusiva, tomar conciencia y encaminar acciones que permitan reducir o controlar el peligro, especialmente, de los grupos vulnerables, como son las personas con discapacidad; as\u00ed como de compartir buenas pr\u00e1cticas sobre este enfoque.<\/p>\n<p>Participaron panelistas y expositores nacionales e internacionales, quienes abordaron varios ejes tem\u00e1ticos relacionados a la prevenci\u00f3n ante desastres naturales como: pol\u00edtica p\u00fablica en gesti\u00f3n inclusiva del riesgo de desastres; acciones de la cooperaci\u00f3n internacional frente a la gesti\u00f3n inclusiva del riesgo de desastres; gesti\u00f3n inclusiva y cambio clim\u00e1tico, entre otros.<\/p>\n<p>Junichi Miura, representante de la Agencia de Cooperaci\u00f3n Internacional del Jap\u00f3n &#8211; JICA Ecuador, dijo que esta articulaci\u00f3n interinstitucional permitir\u00e1 fortalecer las capacidades de atenci\u00f3n a las personas con discapacidad ante desastres. En ese mismo sentido, se expres\u00f3 Diana Salazar, subsecretaria de Reducci\u00f3n de Riesgos de la Secretar\u00eda de Gesti\u00f3n de Riesgos, quien manifest\u00f3 que generar acciones de prevenci\u00f3n y respuesta pueden ser vitales tras una emergencia.<\/p>\n<p>Durante noviembre y hasta el 3 de diciembre, para conmemorar el D\u00eda Internacional de las Personas con Discapacidad, el MIES lleva adelante las Jornadas \u201cInclusi\u00f3n Sin Barreras &#8211; Camino hacia la Vida Independiente\u201d. Durante estos d\u00edas se efectuar\u00e1n varias actividades a escala nacional, como charlas, talleres y capacitaciones, en donde se promover\u00e1 el derecho que tiene este sector vulnerable de la poblaci\u00f3n a una vida independiente y aut\u00f3noma.<\/p>\n<p>Cabe indicar que, actualmente, esta cartera de Estado atiende a 164 844 personas con discapacidad en todo el pa\u00eds, mediante sus servicios de inclusi\u00f3n social y con la entrega de bonos y pensiones; lo que representa una inversi\u00f3n de m\u00e1s de USD 240 millones para este a\u00f1o<\/p>\n","protected":false},"excerpt":{"rendered":"<p>Quito.- En el marco de las Jornadas \u201cInclusi\u00f3n Sin Barreras \u2013 Camino hacia la Vida Independiente\u201d, el Ministerio de Inclusi\u00f3n Econ\u00f3mica y Social (MIES) organiz\u00f3 hoy el foro \u201cGesti\u00f3n Inclusiva de Riesgos de Desastres \u2013 Un Desaf\u00edo para Ecuador\u201d. Esta actividad se cumpli\u00f3 en el auditorio de la Plataforma Social, ubicada en el sector de [&hellip;]<\/p>\n","protected":false},"author":2,"featured_media":8213,"comment_status":"open","ping_status":"closed","sticky":false,"template":"","format":"standard","meta":{"_jetpack_memberships_contains_paid_content":false,"footnotes":""},"categories":[13],"tags":[1395,237],"class_list":["post-8212","post","type-post","status-publish","format-standard","has-post-thumbnail","hentry","category-noticias-nacionales","tag-inclusion-sin-barreras","tag-ministerio-de-inclusion-economica-y-social"],"jetpack_featured_media_url":"https:\/\/radiocresatelital.com\/wp-content\/uploads\/2023\/12\/96af3cc8-ff8b-4681-a8d3-8dcf2bd23560.jpeg","jetpack_sharing_enabled":true,"_links":{"self":[{"href":"https:\/\/radiocresatelital.com\/index.php?rest_route=\/wp\/v2\/posts\/8212","targetHints":{"allow":["GET"]}}],"collection":[{"href":"https:\/\/radiocresatelital.com\/index.php?rest_route=\/wp\/v2\/posts"}],"about":[{"href":"https:\/\/radiocresatelital.com\/index.php?rest_route=\/wp\/v2\/types\/post"}],"author":[{"embeddable":true,"href":"https:\/\/radiocresatelital.com\/index.php?rest_route=\/wp\/v2\/users\/2"}],"replies":[{"embeddable":true,"href":"https:\/\/radiocresatelital.com\/index.php?rest_route=%2Fwp%2Fv2%2Fcomments&post=8212"}],"version-history":[{"count":1,"href":"https:\/\/radiocresatelital.com\/index.php?rest_route=\/wp\/v2\/posts\/8212\/revisions"}],"predecessor-version":[{"id":8214,"href":"https:\/\/radiocresatelital.com\/index.php?rest_route=\/wp\/v2\/posts\/8212\/revisions\/8214"}],"wp:featuredmedia":[{"embeddable":true,"href":"https:\/\/radiocresatelital.com\/index.php?rest_route=\/wp\/v2\/media\/8213"}],"wp:attachment":[{"href":"https:\/\/radiocresatelital.com\/index.php?rest_route=%2Fwp%2Fv2%2Fmedia&parent=8212"}],"wp:term":[{"taxonomy":"category","embeddable":true,"href":"https:\/\/radiocresatelital.com\/index.php?rest_route=%2Fwp%2Fv2%2Fcategories&post=8212"},{"taxonomy":"post_tag","embeddable":true,"href":"https:\/\/radiocresatelital.com\/index.php?rest_route=%2Fwp%2Fv2%2Ftags&post=8212"}],"curies":[{"name":"wp","href":"https:\/\/api.w.org\/{rel}","templated":true}]}}