{"id":8209,"date":"2023-12-01T21:08:56","date_gmt":"2023-12-01T21:08:56","guid":{"rendered":"https:\/\/radiocresatelital.com\/?p=8209"},"modified":"2023-12-01T21:08:56","modified_gmt":"2023-12-01T21:08:56","slug":"ministro-roberto-luque-atiende-requerimientos-de-las-organizaciones-de-transportistas-del-pais","status":"publish","type":"post","link":"https:\/\/radiocresatelital.com\/?p=8209","title":{"rendered":"Ministro Roberto Luque atiende requerimientos de las organizaciones de transportistas del pa\u00eds"},"content":{"rendered":"<p>Guayaquil.-. El ministro de Transporte y Obras P\u00fablicas, Roberto Luque, se reuni\u00f3 con representantes de las diferentes asociaciones de transporte de carga pesada a nivel nacional: FENACOTIP, FENACOTRALI, UTRAPE, CETRAPEG, FENACOTRAPE, FENATTURE, FEDOTAXIS, FETUG, FEDECOTMOG, UNION DE TAXIS GUAYAS, CONFETRAPE, FETTEPI, FENATEI, CANATRAPE y Uni\u00f3n de Cooperativas de Transporte de Pasajeros de la Provincia del Guayas.<\/p>\n<p>En este espacio se trataron diversos temas de seguridad en la Red Vial Estatal (RVE). Entre ellos se destaca el control en las v\u00edas a cargo de la Polic\u00eda Nacional, la definici\u00f3n de puntos seguros en las carreteras y el uso de plataformas tecnol\u00f3gicas que se conecten en tiempo real con el sistema del ECU 911 y el Sistema de Posicionamiento Global (GPS).<\/p>\n<p>\u201cEsta fue una las primeras de muchas reuniones que vamos a tener con los transportistas del pa\u00eds, hemos hablado espec\u00edficamente de seguridad, exoneraci\u00f3n de llantas y veh\u00edculos que es un tema general para todo el sector del transporte, hemos dispuesto mesas espec\u00edficas para cada uno de los sectores, vamos articularlo con el Ministerio del Interior y Ministerio de Defensa, acciones espec\u00edficas para terminar con la inseguridad en las v\u00edas\u201d, mencion\u00f3 la m\u00e1xima autoridad de esta cartera de Estado.<\/p>\n<p>Los representantes de este sector del transporte reconocieron la importancia de mantener di\u00e1logos y definir acciones a favor de la seguridad de quienes conducen por la RVE del pa\u00eds.<\/p>\n<p>Ren\u00e9 G\u00f3mez, coordinador Nacional de CONFETRAPE, asegur\u00f3 que se va a \u201ctrabajar de manera directa con el Ministro en las diferentes modalidades y con las diferentes autoridades del Estado que tienen que ver con el tema de seguridad, esto nos da una tranquilidad y vamos a estar vigilantes a que esto se cumpla de acuerdo a lo programado\u201d.<\/p>\n<p>El Ministerio de Transporte y Obras P\u00fablicas tiene como prioridad apoyar al sector del transporte para que realice su trabajo en \u00f3ptimas condiciones.<\/p>\n","protected":false},"excerpt":{"rendered":"<p>Guayaquil.-. El ministro de Transporte y Obras P\u00fablicas, Roberto Luque, se reuni\u00f3 con representantes de las diferentes asociaciones de transporte de carga pesada a nivel nacional: FENACOTIP, FENACOTRALI, UTRAPE, CETRAPEG, FENACOTRAPE, FENATTURE, FEDOTAXIS, FETUG, FEDECOTMOG, UNION DE TAXIS GUAYAS, CONFETRAPE, FETTEPI, FENATEI, CANATRAPE y Uni\u00f3n de Cooperativas de Transporte de Pasajeros de la Provincia del [&hellip;]<\/p>\n","protected":false},"author":2,"featured_media":8210,"comment_status":"open","ping_status":"closed","sticky":false,"template":"","format":"standard","meta":{"_jetpack_memberships_contains_paid_content":false,"footnotes":""},"categories":[13],"tags":[1393,1394],"class_list":["post-8209","post","type-post","status-publish","format-standard","has-post-thumbnail","hentry","category-noticias-nacionales","tag-ministro-de-transporte-y-obras-publicas","tag-roberto-luque"],"jetpack_featured_media_url":"https:\/\/radiocresatelital.com\/wp-content\/uploads\/2023\/12\/Foto-BP.-No-5-1536x1024-1.jpg","jetpack_sharing_enabled":true,"_links":{"self":[{"href":"https:\/\/radiocresatelital.com\/index.php?rest_route=\/wp\/v2\/posts\/8209","targetHints":{"allow":["GET"]}}],"collection":[{"href":"https:\/\/radiocresatelital.com\/index.php?rest_route=\/wp\/v2\/posts"}],"about":[{"href":"https:\/\/radiocresatelital.com\/index.php?rest_route=\/wp\/v2\/types\/post"}],"author":[{"embeddable":true,"href":"https:\/\/radiocresatelital.com\/index.php?rest_route=\/wp\/v2\/users\/2"}],"replies":[{"embeddable":true,"href":"https:\/\/radiocresatelital.com\/index.php?rest_route=%2Fwp%2Fv2%2Fcomments&post=8209"}],"version-history":[{"count":1,"href":"https:\/\/radiocresatelital.com\/index.php?rest_route=\/wp\/v2\/posts\/8209\/revisions"}],"predecessor-version":[{"id":8211,"href":"https:\/\/radiocresatelital.com\/index.php?rest_route=\/wp\/v2\/posts\/8209\/revisions\/8211"}],"wp:featuredmedia":[{"embeddable":true,"href":"https:\/\/radiocresatelital.com\/index.php?rest_route=\/wp\/v2\/media\/8210"}],"wp:attachment":[{"href":"https:\/\/radiocresatelital.com\/index.php?rest_route=%2Fwp%2Fv2%2Fmedia&parent=8209"}],"wp:term":[{"taxonomy":"category","embeddable":true,"href":"https:\/\/radiocresatelital.com\/index.php?rest_route=%2Fwp%2Fv2%2Fcategories&post=8209"},{"taxonomy":"post_tag","embeddable":true,"href":"https:\/\/radiocresatelital.com\/index.php?rest_route=%2Fwp%2Fv2%2Ftags&post=8209"}],"curies":[{"name":"wp","href":"https:\/\/api.w.org\/{rel}","templated":true}]}}