{"id":8202,"date":"2023-12-01T20:54:28","date_gmt":"2023-12-01T20:54:28","guid":{"rendered":"https:\/\/radiocresatelital.com\/?p=8202"},"modified":"2023-12-01T20:54:28","modified_gmt":"2023-12-01T20:54:28","slug":"obras-de-reconformacion-y-bacheo-en-colimes-y-naranjal-benefician-a-zonas-agricolas","status":"publish","type":"post","link":"https:\/\/radiocresatelital.com\/?p=8202","title":{"rendered":"Obras de reconformaci\u00f3n y bacheo en Colimes y Naranjal benefician a zonas agr\u00edcolas"},"content":{"rendered":"<p><span style=\"font-weight: 400;\">Guayaquil.- Los habitantes del recinto Mirador, en Naranjal, al fin vieron cumplido su anhelo de tener una mejor v\u00eda con la reconformaci\u00f3n de 15 kil\u00f3metros del camino vecinal.<\/span><\/p>\n<p><span style=\"font-weight: 400;\">El pedido fue formulado a la prefecta Marcela Agui\u00f1aga, quien garantiz\u00f3 la atenci\u00f3n inmediata. La v\u00eda es esencial en la vida diaria de la comunidad, por el uso de camionetas y veh\u00edculos pesados que se desplazan hasta la zona de manglares, hogar de cangrejales, y a las plantaciones de arroz y cacao donde se deben movilizar las cosechas.<\/span><\/p>\n<p><span style=\"font-weight: 400;\">El viceprefecto Carlos Serrano Bonilla, acudi\u00f3 hasta el sector este jueves 30 de noviembre. All\u00ed constat\u00f3 que el avance de las labores es de un 70%, incluyendo la limpieza de los espaldones de la v\u00eda. Esta obra, cercana a la reserva de Churute, que alberga especies protegidas, extiende sus beneficios tambi\u00e9n a los turistas al mejorar las condiciones de acceso.<\/span><\/p>\n<p><span style=\"font-weight: 400;\">Hugo Mor\u00e1n, cangrejero y habitante del recinto Mirador, expres\u00f3 su agradecimiento \u201ca la Prefecta por trabajar por los habitantes de Taura. M\u00e1s de quinientas familias se ven beneficiadas\u201d.<\/span><\/p>\n<p><span style=\"font-weight: 400;\">El viceprefecto Serrano tambi\u00e9n acudi\u00f3 hasta Colimes, para inspeccionar la v\u00eda que lleva de La Perpetua a la cabecera de la parroquia San Jacinto, donde se experimenta un significativo avance en los trabajos de bacheo y reconformaci\u00f3n. Jos\u00e9 Juanazo, residente que utiliza esa ruta en moto, record\u00f3 cuando a diario ten\u00eda que cruzar en medio de huecos para dirigirse a sus labores de desmonte.<\/span><\/p>\n<p><span style=\"font-weight: 400;\">El viceprefecto Serrano explic\u00f3 que estas obras son resultado de la coordinaci\u00f3n con las autoridades y las audiencias ciudadanas, enfocadas a mejorar las condiciones de vida de los agricultores y de la comunidad en general. \u00abEstas acciones son muestra de nuestro compromiso con la comunidad. Buscamos no solo mejorar las v\u00edas, sino tambi\u00e9n la calidad de vida de los agricultores y habitantes de la provincia\u00bb.<\/span><\/p>\n","protected":false},"excerpt":{"rendered":"<p>Guayaquil.- Los habitantes del recinto Mirador, en Naranjal, al fin vieron cumplido su anhelo de tener una mejor v\u00eda con la reconformaci\u00f3n de 15 kil\u00f3metros del camino vecinal. El pedido fue formulado a la prefecta Marcela Agui\u00f1aga, quien garantiz\u00f3 la atenci\u00f3n inmediata. La v\u00eda es esencial en la vida diaria de la comunidad, por el [&hellip;]<\/p>\n","protected":false},"author":2,"featured_media":8203,"comment_status":"open","ping_status":"closed","sticky":false,"template":"","format":"standard","meta":{"_jetpack_memberships_contains_paid_content":false,"footnotes":""},"categories":[13],"tags":[415],"class_list":["post-8202","post","type-post","status-publish","format-standard","has-post-thumbnail","hentry","category-noticias-nacionales","tag-prefectura-ciudadana-del-guayas"],"jetpack_featured_media_url":"https:\/\/radiocresatelital.com\/wp-content\/uploads\/2023\/12\/DSC_1700-scaled.jpg","jetpack_sharing_enabled":true,"_links":{"self":[{"href":"https:\/\/radiocresatelital.com\/index.php?rest_route=\/wp\/v2\/posts\/8202","targetHints":{"allow":["GET"]}}],"collection":[{"href":"https:\/\/radiocresatelital.com\/index.php?rest_route=\/wp\/v2\/posts"}],"about":[{"href":"https:\/\/radiocresatelital.com\/index.php?rest_route=\/wp\/v2\/types\/post"}],"author":[{"embeddable":true,"href":"https:\/\/radiocresatelital.com\/index.php?rest_route=\/wp\/v2\/users\/2"}],"replies":[{"embeddable":true,"href":"https:\/\/radiocresatelital.com\/index.php?rest_route=%2Fwp%2Fv2%2Fcomments&post=8202"}],"version-history":[{"count":1,"href":"https:\/\/radiocresatelital.com\/index.php?rest_route=\/wp\/v2\/posts\/8202\/revisions"}],"predecessor-version":[{"id":8204,"href":"https:\/\/radiocresatelital.com\/index.php?rest_route=\/wp\/v2\/posts\/8202\/revisions\/8204"}],"wp:featuredmedia":[{"embeddable":true,"href":"https:\/\/radiocresatelital.com\/index.php?rest_route=\/wp\/v2\/media\/8203"}],"wp:attachment":[{"href":"https:\/\/radiocresatelital.com\/index.php?rest_route=%2Fwp%2Fv2%2Fmedia&parent=8202"}],"wp:term":[{"taxonomy":"category","embeddable":true,"href":"https:\/\/radiocresatelital.com\/index.php?rest_route=%2Fwp%2Fv2%2Fcategories&post=8202"},{"taxonomy":"post_tag","embeddable":true,"href":"https:\/\/radiocresatelital.com\/index.php?rest_route=%2Fwp%2Fv2%2Ftags&post=8202"}],"curies":[{"name":"wp","href":"https:\/\/api.w.org\/{rel}","templated":true}]}}