{"id":8176,"date":"2023-11-30T21:31:41","date_gmt":"2023-11-30T21:31:41","guid":{"rendered":"https:\/\/radiocresatelital.com\/?p=8176"},"modified":"2023-11-30T21:31:41","modified_gmt":"2023-11-30T21:31:41","slug":"con-exito-se-realizo-el-primer-seminario-sobre-cooperativismo-productivo-y-feria-de-economia-social-y-solidaria","status":"publish","type":"post","link":"https:\/\/radiocresatelital.com\/?p=8176","title":{"rendered":"Con \u00e9xito se realiz\u00f3 el Primer Seminario sobre Cooperativismo Productivo y Feria de Econom\u00eda Social y Solidaria"},"content":{"rendered":"<p>Quito.- La Uni\u00f3n Europea en Ecuador en colaboraci\u00f3n con la Fundaci\u00f3n Equidad y Desarrollo desarrollaron el Primer Seminario Internacional sobre Cooperativismo Productivo, programado para el pr\u00f3ximo 29 de noviembre de 2023 en el auditorio de la CIESPAL (Quito) y de manera virtual en el FB @UEenEcuador.<\/p>\n<p>El evento cont\u00f3 con la presencia y participaci\u00f3n de Danilo Palacios, ministro de Agricultura y Ganader\u00eda; Charles-Michel Geurts, Embajador de la Uni\u00f3n Europea en Ecuador; Carlos Rabascall, presidente de la Fundaci\u00f3n Equidad y Desarrollo; as\u00ed como de autoridades del Gobierno, l\u00edderes de la Econom\u00eda Social y Solidaria, acad\u00e9micos, investigadores universitarios, as\u00ed como de profesionales de las agencias de Cooperaci\u00f3n y de ONGs.<\/p>\n<p>En el Seminario se presentaron los resultados de la \u00faltima reforma a la Ley Org\u00e1nica de Econom\u00eda Popular y Solidaria y se comparti\u00f3 casos de \u00e9xito de cooperativas en Europa (Espa\u00f1a e Italia) y en Am\u00e9rica Latina (Argentina, Per\u00fa y Ecuador). Con el prop\u00f3sito de crear conciencia del apoyo que el sector cooperativo productivo puede brindar para la lucha contra la pobreza, la mejora de la econom\u00eda circular y para evitar los flujos migratorios nacionales e internacionales.<\/p>\n<p>El Seminario cont\u00f3 con la participaci\u00f3n de destacados expositores como Ander Etxeberria \u00a0representante del Grupo Cooperativo espa\u00f1ol \u00abMondrag\u00f3n\u00bb, reconocido mundialmente por su \u00e9xito en la generaci\u00f3n de m\u00e1s de 85.000 empleos de calidad y su contribuci\u00f3n al desarrollo territorial inclusivo de la regi\u00f3n del Pa\u00eds Vasco (Espa\u00f1a), a trav\u00e9s de m\u00e1s de 85 cooperativas que desarrollan actividades de diversa \u00edndole (trabajadores asociados, agropecuarias, educaci\u00f3n universitaria y sistemas de seguro cooperativo, entre otros). Adem\u00e1s, con las ponencias de:<\/p>\n<ul>\n<li>Jenny Capuano que representar\u00e1 a la Federaci\u00f3n Trentina de la Cooperaci\u00f3n Frutas y Vit\u00edcola en Italia;<\/li>\n<li>Santiago Paz que nos compartir\u00e1 la experiencia de la Cooperativa Agraria Norandino con productos como el caf\u00e9, el cacao y la panela en Per\u00fa;<\/li>\n<li>Carlos Alainez que hablar\u00e1 sobre los trabajos en actividades culturales de la Cooperativa la Comunitaria en Argentina;<\/li>\n<li>Jorge Bragulat proveniente de la Universidad 3 de Febrero en Argentina;<\/li>\n<li>Christian Marlin colaborador de Fundaci\u00f3n Equidad y Desarrollo quien compartir\u00e1 sus experiencias tanto en Francia como en Ecuador;<\/li>\n<li>Hugo Toalombo representante de la Corporaci\u00f3n Grupo Salinas en Ecuador y<\/li>\n<li>Juan Carlos Urgiles quien hablar\u00e1 de la experiencia de la Cooperativa de Ahorro y Cr\u00e9dito Jard\u00edn Azuayo en Ecuador.<\/li>\n<\/ul>\n<p>El evento culmin\u00f3 con una mesa de discusi\u00f3n entre los expositores internacionales y nacionales, buscando formular conclusiones y recomendaciones. Estas recomendaciones ser\u00e1n presentadas en las pr\u00f3ximas semanas a las nuevas autoridades tanto de los Gobiernos Central como locales, en un esfuerzo por enriquecer las pol\u00edticas a favor del sector cooperativo y fortalecer la colaboraci\u00f3n p\u00fablico-privada, a trav\u00e9s de la econom\u00eda Social y Solidaria y de crear un sector productivo en las zonas rurales que sea m\u00e1s robusto frente a los cambios regulatorios y de los mercados nacionales, regionales e internacionales, los retos de la transformaci\u00f3n verde y del cambio clim\u00e1tico.<\/p>\n","protected":false},"excerpt":{"rendered":"<p>Quito.- La Uni\u00f3n Europea en Ecuador en colaboraci\u00f3n con la Fundaci\u00f3n Equidad y Desarrollo desarrollaron el Primer Seminario Internacional sobre Cooperativismo Productivo, programado para el pr\u00f3ximo 29 de noviembre de 2023 en el auditorio de la CIESPAL (Quito) y de manera virtual en el FB @UEenEcuador. El evento cont\u00f3 con la presencia y participaci\u00f3n de [&hellip;]<\/p>\n","protected":false},"author":2,"featured_media":8177,"comment_status":"open","ping_status":"closed","sticky":false,"template":"","format":"standard","meta":{"_jetpack_memberships_contains_paid_content":false,"footnotes":""},"categories":[13],"tags":[418,285],"class_list":["post-8176","post","type-post","status-publish","format-standard","has-post-thumbnail","hentry","category-noticias-nacionales","tag-ecuador","tag-union-europea"],"jetpack_featured_media_url":"https:\/\/radiocresatelital.com\/wp-content\/uploads\/2023\/11\/8e1c36e0-fbe3-42cc-aef8-bed184eaffaa.jpeg","jetpack_sharing_enabled":true,"_links":{"self":[{"href":"https:\/\/radiocresatelital.com\/index.php?rest_route=\/wp\/v2\/posts\/8176","targetHints":{"allow":["GET"]}}],"collection":[{"href":"https:\/\/radiocresatelital.com\/index.php?rest_route=\/wp\/v2\/posts"}],"about":[{"href":"https:\/\/radiocresatelital.com\/index.php?rest_route=\/wp\/v2\/types\/post"}],"author":[{"embeddable":true,"href":"https:\/\/radiocresatelital.com\/index.php?rest_route=\/wp\/v2\/users\/2"}],"replies":[{"embeddable":true,"href":"https:\/\/radiocresatelital.com\/index.php?rest_route=%2Fwp%2Fv2%2Fcomments&post=8176"}],"version-history":[{"count":1,"href":"https:\/\/radiocresatelital.com\/index.php?rest_route=\/wp\/v2\/posts\/8176\/revisions"}],"predecessor-version":[{"id":8178,"href":"https:\/\/radiocresatelital.com\/index.php?rest_route=\/wp\/v2\/posts\/8176\/revisions\/8178"}],"wp:featuredmedia":[{"embeddable":true,"href":"https:\/\/radiocresatelital.com\/index.php?rest_route=\/wp\/v2\/media\/8177"}],"wp:attachment":[{"href":"https:\/\/radiocresatelital.com\/index.php?rest_route=%2Fwp%2Fv2%2Fmedia&parent=8176"}],"wp:term":[{"taxonomy":"category","embeddable":true,"href":"https:\/\/radiocresatelital.com\/index.php?rest_route=%2Fwp%2Fv2%2Fcategories&post=8176"},{"taxonomy":"post_tag","embeddable":true,"href":"https:\/\/radiocresatelital.com\/index.php?rest_route=%2Fwp%2Fv2%2Ftags&post=8176"}],"curies":[{"name":"wp","href":"https:\/\/api.w.org\/{rel}","templated":true}]}}