{"id":8110,"date":"2023-11-29T21:34:53","date_gmt":"2023-11-29T21:34:53","guid":{"rendered":"https:\/\/radiocresatelital.com\/?p=8110"},"modified":"2023-11-29T21:34:53","modified_gmt":"2023-11-29T21:34:53","slug":"djokovic-aviso-que-esta-listo-para-ganar-los-cuatro-torneos-de-grand-slam-y-el-oro-olimpico-carlos-alcaraz","status":"publish","type":"post","link":"https:\/\/radiocresatelital.com\/?p=8110","title":{"rendered":"Djokovic avis\u00f3 que est\u00e1 listo para ganar los cuatro torneos de Grand Slam y el oro ol\u00edmpico, Carlos Alcaraz"},"content":{"rendered":"<p>Ciudad de M\u00e9xico.- Carlos Alcaraz tenista de origen espa\u00f1ol no tiene un buen cierre de temporada que se esperaba, pero se encuentra ilusionado con que la pr\u00f3xima le permita volver a desplazar de la cima del ranking al serbio Novak Djokovic, quien refrend\u00f3 su vigencia en este 2023.<\/p>\n<p>\u00abDjokovic avis\u00f3 que est\u00e1 listo para ganar los cuatro torneos de Grand Slam y el oro ol\u00edmpico, pero nosotros estamos aqu\u00ed para impedirlo\u00bb, asegur\u00f3 el n\u00famero dos del ranking que este a\u00f1o celebr\u00f3 seis t\u00edtulos y frustr\u00f3 en la final de Wimbledon al n\u00famero uno, campe\u00f3n en Australia, Roland Garros y el US Open.<\/p>\n<p>Un Djokovic que tambi\u00e9n lo derrot\u00f3 en semifinales del ATP Finals de Tur\u00edn, antes de despachar en la definici\u00f3n al ascendente italiano Jannik Sinner (cuarto del ranking que se vengar\u00eda en semifinales de la Copa Davis) para celebrar por s\u00e9ptima vez en el torneo de Maestros.<\/p>\n<p>Ni siquiera el eterno Roger Federer lleg\u00f3 a esa cifra que s\u00ed alcanz\u00f3 el serbio, \u00fanico de la historia en el cuadro femenino en conquistar 24 t\u00edtulos de Grand Slam que lo convierten en una leyenda.<\/p>\n<p>Alcaraz amenaz\u00f3 con amargarle la temporada con un inicio arrasador, pero luego fue perdiendo terreno sobre el cierre de la misma, aunque promete un 2024 \u00ablleno de energ\u00eda, intenso y con muchas victorias\u00bb.<\/p>\n<p>Desde M\u00e9xico, donde disputar\u00e1 un torneo de exbici\u00f3n, el espa\u00f1ol reconoci\u00f3 que \u00abla primera mitad de esta temporada fue espectacular, pero despu\u00e9s de ganar Wimbledon comenz\u00f3 un per\u00edodo negativo. Creo que es algo normal y debo aprender a convivir con esas situaciones\u00bb.<\/p>\n<p>A quienes lo critican, Alcaraz les recomend\u00f3 \u00abencender la televisi\u00f3n y mantenerse atentos en 2024 porque voy a luchar para estar el mismo nivel o incluso mejor que este a\u00f1o\u00bb.<\/p>\n<p>A los 20 a\u00f1os y con 12 t\u00edtulos en su haber, el espa\u00f1ol afirma que no ha cambiado a pesar del \u00e9xito: \u00abSoy el mismo muchacho de siempre. La fama no cambiar\u00e1 mi personalidad, como tampoco que me comparen con Federer o con Rafa (Nadal)\u00bb, asegur\u00f3.<\/p>\n","protected":false},"excerpt":{"rendered":"<p>Ciudad de M\u00e9xico.- Carlos Alcaraz tenista de origen espa\u00f1ol no tiene un buen cierre de temporada que se esperaba, pero se encuentra ilusionado con que la pr\u00f3xima le permita volver a desplazar de la cima del ranking al serbio Novak Djokovic, quien refrend\u00f3 su vigencia en este 2023. \u00abDjokovic avis\u00f3 que est\u00e1 listo para ganar [&hellip;]<\/p>\n","protected":false},"author":2,"featured_media":8111,"comment_status":"open","ping_status":"closed","sticky":false,"template":"","format":"standard","meta":{"_jetpack_memberships_contains_paid_content":false,"footnotes":""},"categories":[9,64],"tags":[261,102],"class_list":["post-8110","post","type-post","status-publish","format-standard","has-post-thumbnail","hentry","category-deportes","category-tenis","tag-carlos-alcaraz","tag-novak-djokovic"],"jetpack_featured_media_url":"https:\/\/radiocresatelital.com\/wp-content\/uploads\/2023\/11\/carlos-alcaraz-gtres-t.jpg.webp","jetpack_sharing_enabled":true,"_links":{"self":[{"href":"https:\/\/radiocresatelital.com\/index.php?rest_route=\/wp\/v2\/posts\/8110","targetHints":{"allow":["GET"]}}],"collection":[{"href":"https:\/\/radiocresatelital.com\/index.php?rest_route=\/wp\/v2\/posts"}],"about":[{"href":"https:\/\/radiocresatelital.com\/index.php?rest_route=\/wp\/v2\/types\/post"}],"author":[{"embeddable":true,"href":"https:\/\/radiocresatelital.com\/index.php?rest_route=\/wp\/v2\/users\/2"}],"replies":[{"embeddable":true,"href":"https:\/\/radiocresatelital.com\/index.php?rest_route=%2Fwp%2Fv2%2Fcomments&post=8110"}],"version-history":[{"count":1,"href":"https:\/\/radiocresatelital.com\/index.php?rest_route=\/wp\/v2\/posts\/8110\/revisions"}],"predecessor-version":[{"id":8112,"href":"https:\/\/radiocresatelital.com\/index.php?rest_route=\/wp\/v2\/posts\/8110\/revisions\/8112"}],"wp:featuredmedia":[{"embeddable":true,"href":"https:\/\/radiocresatelital.com\/index.php?rest_route=\/wp\/v2\/media\/8111"}],"wp:attachment":[{"href":"https:\/\/radiocresatelital.com\/index.php?rest_route=%2Fwp%2Fv2%2Fmedia&parent=8110"}],"wp:term":[{"taxonomy":"category","embeddable":true,"href":"https:\/\/radiocresatelital.com\/index.php?rest_route=%2Fwp%2Fv2%2Fcategories&post=8110"},{"taxonomy":"post_tag","embeddable":true,"href":"https:\/\/radiocresatelital.com\/index.php?rest_route=%2Fwp%2Fv2%2Ftags&post=8110"}],"curies":[{"name":"wp","href":"https:\/\/api.w.org\/{rel}","templated":true}]}}