{"id":807,"date":"2023-07-04T23:17:48","date_gmt":"2023-07-04T23:17:48","guid":{"rendered":"https:\/\/radiocresatelital.com\/?p=807"},"modified":"2023-07-04T23:17:48","modified_gmt":"2023-07-04T23:17:48","slug":"cooperacion-entre-ecuador-uruguay-y-union-europea-aborda-la-prevencion-y-reduccion-de-la-desnutricion-cronica-infantil-como-politica-de-estado","status":"publish","type":"post","link":"https:\/\/radiocresatelital.com\/?p=807","title":{"rendered":"Cooperaci\u00f3n entre Ecuador, Uruguay y Uni\u00f3n Europea aborda la prevenci\u00f3n y reducci\u00f3n de la Desnutrici\u00f3n Cr\u00f3nica Infantil como pol\u00edtica de Estado"},"content":{"rendered":"<p>Quito.- Este 4 de julio de 2023 se present\u00f3 el proyecto de \u201cFortalecimiento de capacidades t\u00e9cnicas de los equipos encargados de atenci\u00f3n integral a la mujer embarazada y primera infancia en el marco de la Estrategia Nacional Ecuador Crece Sin Desnutrici\u00f3n Infantil\u201d. Gabriela Aguinaga, viceministra de Gobernanza asisti\u00f3 en representaci\u00f3n de la autoridad sanitaria nacional.<\/p>\n<p>El encuentro fue organizado por el Ministerio de Salud P\u00fablica del Ecuador, Ministerio de Desarrollo Social de Uruguay, dentro del programa Uruguay Crece Contigo, y la Uni\u00f3n Europa como una propuesta de cooperaci\u00f3n triangular.<\/p>\n<p>El proyecto busca identificar caracter\u00edsticas e intervenciones del sistema integral de atenci\u00f3n materno-infantil en Ecuador; mejorar el sistema de atenci\u00f3n y de gesti\u00f3n de la informaci\u00f3n; adem\u00e1s sumar esfuerzos en la promoci\u00f3n de la lactancia materna, alimentaci\u00f3n complementaria, sostenible y saludable.<\/p>\n<p>Aguinaga indic\u00f3 que \u201cal fortalecer capacidades del personal de primer nivel de atenci\u00f3n construimos estrategias integrales en el marco de la Desnutrici\u00f3n Cr\u00f3nica Infantil (DCI), una pol\u00edtica de Estado que se ha incluido en el Plan Decenal de Salud 2022-2031\u201d. A\u00f1adi\u00f3 que es clave sentar bases para una transformaci\u00f3n real en beneficio de madres, mujeres gestantes y ni\u00f1os menores de 2 a\u00f1os\u201d.<\/p>\n<p>La DCI tiene una prevalencia en el Ecuador del 27,2% en ni\u00f1os menores de 5 a\u00f1os seg\u00fan la Encuesta de Salud y Nutrici\u00f3n (ENSANUT 2018), una condici\u00f3n que afecta el pleno desarrollo infantil. Los ni\u00f1os y ni\u00f1as que padecen desnutrici\u00f3n tienen m\u00e1s probabilidades de convertirse en adultos de baja estatura, obtener menores logros educativos y menos ingresos econ\u00f3micos durante su edad adulta.<\/p>\n<p>Ricardo Baluga Bello, embajador de Uruguay en Ecuador, agradeci\u00f3 a la delegaci\u00f3n uruguaya, a la Uni\u00f3n Europea, a Finlandia como cooperante para lograr esta articulaci\u00f3n. Estamos en una etapa de concreci\u00f3n, seguiremos trabajando y cooperando de manera bilateral con Ecuador.<\/p>\n<p>Por su parte, Daniel Daniilidis, jefe de Pol\u00edtica y Prensa como parte de la delegaci\u00f3n de la Uni\u00f3n Europea, durante su intervenci\u00f3n se\u00f1al\u00f3 que la cooperaci\u00f3n triangular es importante, \u201cha permitido adaptarnos a nuevas condiciones, combinar la experiencia de Uruguay y la Uni\u00f3n Europea para abordar esta problem\u00e1tica en el Ecuador con una propuesta de iniciativas en temas de prevenci\u00f3n y reducci\u00f3n de la Desnutrici\u00f3n Cr\u00f3nica Infantil\u201d.<\/p>\n","protected":false},"excerpt":{"rendered":"<p>Quito.- Este 4 de julio de 2023 se present\u00f3 el proyecto de \u201cFortalecimiento de capacidades t\u00e9cnicas de los equipos encargados de atenci\u00f3n integral a la mujer embarazada y primera infancia en el marco de la Estrategia Nacional Ecuador Crece Sin Desnutrici\u00f3n Infantil\u201d. Gabriela Aguinaga, viceministra de Gobernanza asisti\u00f3 en representaci\u00f3n de la autoridad sanitaria nacional. [&hellip;]<\/p>\n","protected":false},"author":2,"featured_media":808,"comment_status":"open","ping_status":"closed","sticky":false,"template":"","format":"standard","meta":{"_jetpack_memberships_contains_paid_content":false,"footnotes":""},"categories":[13],"tags":[196,197],"class_list":["post-807","post","type-post","status-publish","format-standard","has-post-thumbnail","hentry","category-noticias-nacionales","tag-ecuador-crece","tag-sin-desnutricion-infantil"],"jetpack_featured_media_url":"https:\/\/radiocresatelital.com\/wp-content\/uploads\/2023\/07\/F0OmryEWAAAyJa3.jpg","jetpack_sharing_enabled":true,"_links":{"self":[{"href":"https:\/\/radiocresatelital.com\/index.php?rest_route=\/wp\/v2\/posts\/807","targetHints":{"allow":["GET"]}}],"collection":[{"href":"https:\/\/radiocresatelital.com\/index.php?rest_route=\/wp\/v2\/posts"}],"about":[{"href":"https:\/\/radiocresatelital.com\/index.php?rest_route=\/wp\/v2\/types\/post"}],"author":[{"embeddable":true,"href":"https:\/\/radiocresatelital.com\/index.php?rest_route=\/wp\/v2\/users\/2"}],"replies":[{"embeddable":true,"href":"https:\/\/radiocresatelital.com\/index.php?rest_route=%2Fwp%2Fv2%2Fcomments&post=807"}],"version-history":[{"count":1,"href":"https:\/\/radiocresatelital.com\/index.php?rest_route=\/wp\/v2\/posts\/807\/revisions"}],"predecessor-version":[{"id":809,"href":"https:\/\/radiocresatelital.com\/index.php?rest_route=\/wp\/v2\/posts\/807\/revisions\/809"}],"wp:featuredmedia":[{"embeddable":true,"href":"https:\/\/radiocresatelital.com\/index.php?rest_route=\/wp\/v2\/media\/808"}],"wp:attachment":[{"href":"https:\/\/radiocresatelital.com\/index.php?rest_route=%2Fwp%2Fv2%2Fmedia&parent=807"}],"wp:term":[{"taxonomy":"category","embeddable":true,"href":"https:\/\/radiocresatelital.com\/index.php?rest_route=%2Fwp%2Fv2%2Fcategories&post=807"},{"taxonomy":"post_tag","embeddable":true,"href":"https:\/\/radiocresatelital.com\/index.php?rest_route=%2Fwp%2Fv2%2Ftags&post=807"}],"curies":[{"name":"wp","href":"https:\/\/api.w.org\/{rel}","templated":true}]}}