{"id":801,"date":"2023-07-04T22:40:05","date_gmt":"2023-07-04T22:40:05","guid":{"rendered":"https:\/\/radiocresatelital.com\/?p=801"},"modified":"2023-07-04T22:40:05","modified_gmt":"2023-07-04T22:40:05","slug":"salon-de-julio-recibio-284-postulaciones","status":"publish","type":"post","link":"https:\/\/radiocresatelital.com\/?p=801","title":{"rendered":"Sal\u00f3n de Julio recibi\u00f3 284 postulaciones"},"content":{"rendered":"<p>Guayaquil.- La 62 edici\u00f3n del Sal\u00f3n de Julio bati\u00f3 r\u00e9cord de inscritos con 284 postulaciones. El a\u00f1o pasado se registraron 254 artistas.<\/p>\n<p>La mayor parte de los artistas (52%) proviene de Guayaquil, pero tambi\u00e9n hay representantes de otras ciudades como Quito, Cuenca, Alaus\u00ed, Chone, Riobamba, Yaguachi, Otavalo, entre otras urbes del pa\u00eds.<\/p>\n<p>Adem\u00e1s, se registraron ocho participantes extranjeros que radican en el pa\u00eds.<\/p>\n<p>Ellos provienen de Colombia, Venezuela, Cuba y Estados Unidos. El pr\u00f3ximo viernes 21 de julio de 2023, a las 15:00, ser\u00e1 la inauguraci\u00f3n del Sal\u00f3n de Julio. Ese d\u00eda se anunciar\u00e1n los tres ganadores.<\/p>\n<p>Las obras participantes ser\u00e1n evaluadas por un jurado internacional.<\/p>\n","protected":false},"excerpt":{"rendered":"<p>Guayaquil.- La 62 edici\u00f3n del Sal\u00f3n de Julio bati\u00f3 r\u00e9cord de inscritos con 284 postulaciones. El a\u00f1o pasado se registraron 254 artistas. La mayor parte de los artistas (52%) proviene de Guayaquil, pero tambi\u00e9n hay representantes de otras ciudades como Quito, Cuenca, Alaus\u00ed, Chone, Riobamba, Yaguachi, Otavalo, entre otras urbes del pa\u00eds. Adem\u00e1s, se registraron [&hellip;]<\/p>\n","protected":false},"author":2,"featured_media":802,"comment_status":"open","ping_status":"closed","sticky":false,"template":"","format":"standard","meta":{"_jetpack_memberships_contains_paid_content":false,"footnotes":""},"categories":[33,13],"tags":[194],"class_list":["post-801","post","type-post","status-publish","format-standard","has-post-thumbnail","hentry","category-guayaquil","category-noticias-nacionales","tag-salon-de-julio"],"jetpack_featured_media_url":"https:\/\/radiocresatelital.com\/wp-content\/uploads\/2023\/07\/img_3128.jpg","jetpack_sharing_enabled":true,"_links":{"self":[{"href":"https:\/\/radiocresatelital.com\/index.php?rest_route=\/wp\/v2\/posts\/801","targetHints":{"allow":["GET"]}}],"collection":[{"href":"https:\/\/radiocresatelital.com\/index.php?rest_route=\/wp\/v2\/posts"}],"about":[{"href":"https:\/\/radiocresatelital.com\/index.php?rest_route=\/wp\/v2\/types\/post"}],"author":[{"embeddable":true,"href":"https:\/\/radiocresatelital.com\/index.php?rest_route=\/wp\/v2\/users\/2"}],"replies":[{"embeddable":true,"href":"https:\/\/radiocresatelital.com\/index.php?rest_route=%2Fwp%2Fv2%2Fcomments&post=801"}],"version-history":[{"count":1,"href":"https:\/\/radiocresatelital.com\/index.php?rest_route=\/wp\/v2\/posts\/801\/revisions"}],"predecessor-version":[{"id":803,"href":"https:\/\/radiocresatelital.com\/index.php?rest_route=\/wp\/v2\/posts\/801\/revisions\/803"}],"wp:featuredmedia":[{"embeddable":true,"href":"https:\/\/radiocresatelital.com\/index.php?rest_route=\/wp\/v2\/media\/802"}],"wp:attachment":[{"href":"https:\/\/radiocresatelital.com\/index.php?rest_route=%2Fwp%2Fv2%2Fmedia&parent=801"}],"wp:term":[{"taxonomy":"category","embeddable":true,"href":"https:\/\/radiocresatelital.com\/index.php?rest_route=%2Fwp%2Fv2%2Fcategories&post=801"},{"taxonomy":"post_tag","embeddable":true,"href":"https:\/\/radiocresatelital.com\/index.php?rest_route=%2Fwp%2Fv2%2Ftags&post=801"}],"curies":[{"name":"wp","href":"https:\/\/api.w.org\/{rel}","templated":true}]}}