{"id":7950,"date":"2023-11-25T19:37:12","date_gmt":"2023-11-25T19:37:12","guid":{"rendered":"https:\/\/radiocresatelital.com\/?p=7950"},"modified":"2023-11-25T19:37:12","modified_gmt":"2023-11-25T19:37:12","slug":"bayer-leverkusen-golea-de-visitante-al-werder-bremen-y-se-instala-en-la-punta-de-la-bundesliga","status":"publish","type":"post","link":"https:\/\/radiocresatelital.com\/?p=7950","title":{"rendered":"Bayer Leverkusen golea de visitante al Werder Bremen y se instala en la punta de la Bundesliga"},"content":{"rendered":"<p class=\"text__text__1FZLe text__dark-grey__3Ml43 text__regular__2N1Xr text__small__1kGq2 body__full_width__ekUdw body__small_body__2vQyf article-body__paragraph__2-BtD\" data-testid=\"paragraph-0\"><span>Bremen.- Luego de conquistar una buena victoria del Bayer Leverkusen por 3-0 sobre el Werder Bremen ha retomado el liderato de la Bundesliga con una octava victoria consecutiva, un r\u00e9cord del club.<\/span><\/p>\n<p class=\"text__text__1FZLe text__dark-grey__3Ml43 text__regular__2N1Xr text__small__1kGq2 body__full_width__ekUdw body__small_body__2vQyf article-body__paragraph__2-BtD\" data-testid=\"paragraph-1\"><span>Los visitantes necesitaron un gol en propia puerta del Werder para ponerse al frente, y Olivier Deman desvi\u00f3 un centro de Jonas Hofmann y despist\u00f3 a su propio portero.<\/span><\/p>\n<p class=\"text__text__1FZLe text__dark-grey__3Ml43 text__regular__2N1Xr text__small__1kGq2 body__full_width__ekUdw body__small_body__2vQyf article-body__paragraph__2-BtD\" data-testid=\"paragraph-2\"><span>Sin embargo, no hubo suerte en su segundo gol, ya que Jeremie Frimpong desat\u00f3 un disparo imparable desde el borde del \u00e1rea a los 42.<\/span><\/p>\n<div class=\"article-body__element__2p5pI\">\n<div class=\"spacing-container__container__2g5QT spacing-container__t-spacing-single-three-quarters__2_moJ spacing-container__b-spacing-single-three-quarters__1fuBK spacing-container__max-width__zScFd\" data-testid=\"ResponsiveAdSlot\">\n<div class=\"ad-slot__container__FEnoz ad-slot__fixed-height__6m70D\">\n<div class=\"ad-slot__inner__2u45U\">\n<div>El Leverkusen de Xabi Alonso se mantuvo al mando en la segunda mitad y el en forma Alejandro Grimaldo se asegur\u00f3 los tres puntos, encajando desde un \u00e1ngulo cerrado a los 76 despu\u00e9s de que el Werder perdiera la posesi\u00f3n en su propio campo.<\/p>\n<\/div>\n<div>Por su parte, el defensa ecuatoriano, Piero Hincapie , luego de haber arribado de la doble jornada de Eliminatorias Sudamericana fue t\u00edtular durante los 90 minutos.<\/div>\n<\/div>\n<\/div>\n<\/div>\n<\/div>\n<p class=\"text__text__1FZLe text__dark-grey__3Ml43 text__regular__2N1Xr text__small__1kGq2 body__full_width__ekUdw body__small_body__2vQyf article-body__paragraph__2-BtD\" data-testid=\"paragraph-4\"><span>Grimaldo ha marcado en cada uno de los \u00faltimos cinco partidos fuera de casa del Leverkusen en la liga, un r\u00e9cord del club.<\/span><\/p>\n<p class=\"text__text__1FZLe text__dark-grey__3Ml43 text__regular__2N1Xr text__small__1kGq2 body__full_width__ekUdw body__small_body__2vQyf article-body__paragraph__2-BtD\" data-testid=\"paragraph-5\"><span>\u00abQueremos seguir mejorando y ni siquiera hoy hemos hecho un partido perfecto\u00bb, dijo Alonso, que celebraba su 42 cumplea\u00f1os el s\u00e1bado.\u00a0\u00abEso no es posible en el f\u00fatbol, \u200b\u200bpero nuestro objetivo es seguir mejorando.<\/span><\/p>\n<div class=\"article-body__element__2p5pI\">\n<div class=\"spacing-container__container__2g5QT spacing-container__t-spacing-single-three-quarters__2_moJ spacing-container__b-spacing-single-three-quarters__1fuBK spacing-container__max-width__zScFd\" data-testid=\"ResponsiveAdSlot\">\n<div class=\"ad-slot__container__FEnoz ad-slot__fixed-height__6m70D\">\n<div class=\"ad-slot__inner__2u45U\">\n<div>\u00abLo hicimos muy bien. En la primera parte tuvimos mucho control y en la segunda el Werder nos presion\u00f3 m\u00e1s, pero en general fue una victoria merecida\u00bb.<\/div>\n<\/div>\n<\/div>\n<\/div>\n<\/div>\n<p class=\"text__text__1FZLe text__dark-grey__3Ml43 text__regular__2N1Xr text__small__1kGq2 body__full_width__ekUdw body__small_body__2vQyf article-body__paragraph__2-BtD\" data-testid=\"paragraph-7\"><span>\u00abObviamente una victoria es la mejor manera de celebrar un cumplea\u00f1os\u00bb, afirm\u00f3.<\/span><\/p>\n<p class=\"text__text__1FZLe text__dark-grey__3Ml43 text__regular__2N1Xr text__small__1kGq2 body__full_width__ekUdw body__small_body__2vQyf article-body__paragraph__2-BtD\" data-testid=\"paragraph-8\"><span>El invicto Leverkusen, que tambi\u00e9n es el primer club en la historia de la Bundesliga en anotar al menos dos veces en cada uno de sus primeros 12 partidos de una temporada, tiene 34 puntos, habiendo ganado 11 de sus 12 partidos de liga.<\/span><\/p>\n<div class=\"article-body__element__2p5pI\">\n<div class=\"spacing-container__container__2g5QT spacing-container__t-spacing-single-three-quarters__2_moJ spacing-container__b-spacing-single-three-quarters__1fuBK spacing-container__max-width__zScFd\" data-testid=\"ResponsiveAdSlot\">\n<div class=\"ad-slot__container__FEnoz ad-slot__fixed-height__6m70D\">\n<div class=\"ad-slot__inner__2u45U\">\n<div>El campe\u00f3n Bayern de M\u00fanich, que se hab\u00eda colocado provisionalmente l\u00edder el viernes con su victoria por 1-0 sobre el Colonia, est\u00e1 segundo a dos puntos.<\/div>\n<\/div>\n<\/div>\n<\/div>\n<\/div>\n<p class=\"text__text__1FZLe text__dark-grey__3Ml43 text__regular__2N1Xr text__small__1kGq2 body__full_width__ekUdw body__small_body__2vQyf article-body__paragraph__2-BtD\" data-testid=\"paragraph-10\"><span>El VfB Stuttgart, que jugar\u00e1 el s\u00e1bado contra el Eintracht Frankfurt, es tercero con 24 puntos, al igual que el Borussia Dortmund, que venci\u00f3 por 4-2 al Borussia Moenchengladbach.<\/span><\/p>\n","protected":false},"excerpt":{"rendered":"<p>Bremen.- Luego de conquistar una buena victoria del Bayer Leverkusen por 3-0 sobre el Werder Bremen ha retomado el liderato de la Bundesliga con una octava victoria consecutiva, un r\u00e9cord del club. Los visitantes necesitaron un gol en propia puerta del Werder para ponerse al frente, y Olivier Deman desvi\u00f3 un centro de Jonas Hofmann [&hellip;]<\/p>\n","protected":false},"author":2,"featured_media":7951,"comment_status":"open","ping_status":"closed","sticky":false,"template":"","format":"standard","meta":{"_jetpack_memberships_contains_paid_content":false,"footnotes":""},"categories":[115,7],"tags":[983],"class_list":["post-7950","post","type-post","status-publish","format-standard","has-post-thumbnail","hentry","category-ecuatorianos-en-el-exterior","category-futbol-internacional","tag-bayer-leverkusen"],"jetpack_featured_media_url":"https:\/\/radiocresatelital.com\/wp-content\/uploads\/2023\/11\/images.jpeg","jetpack_sharing_enabled":true,"_links":{"self":[{"href":"https:\/\/radiocresatelital.com\/index.php?rest_route=\/wp\/v2\/posts\/7950","targetHints":{"allow":["GET"]}}],"collection":[{"href":"https:\/\/radiocresatelital.com\/index.php?rest_route=\/wp\/v2\/posts"}],"about":[{"href":"https:\/\/radiocresatelital.com\/index.php?rest_route=\/wp\/v2\/types\/post"}],"author":[{"embeddable":true,"href":"https:\/\/radiocresatelital.com\/index.php?rest_route=\/wp\/v2\/users\/2"}],"replies":[{"embeddable":true,"href":"https:\/\/radiocresatelital.com\/index.php?rest_route=%2Fwp%2Fv2%2Fcomments&post=7950"}],"version-history":[{"count":1,"href":"https:\/\/radiocresatelital.com\/index.php?rest_route=\/wp\/v2\/posts\/7950\/revisions"}],"predecessor-version":[{"id":7952,"href":"https:\/\/radiocresatelital.com\/index.php?rest_route=\/wp\/v2\/posts\/7950\/revisions\/7952"}],"wp:featuredmedia":[{"embeddable":true,"href":"https:\/\/radiocresatelital.com\/index.php?rest_route=\/wp\/v2\/media\/7951"}],"wp:attachment":[{"href":"https:\/\/radiocresatelital.com\/index.php?rest_route=%2Fwp%2Fv2%2Fmedia&parent=7950"}],"wp:term":[{"taxonomy":"category","embeddable":true,"href":"https:\/\/radiocresatelital.com\/index.php?rest_route=%2Fwp%2Fv2%2Fcategories&post=7950"},{"taxonomy":"post_tag","embeddable":true,"href":"https:\/\/radiocresatelital.com\/index.php?rest_route=%2Fwp%2Fv2%2Ftags&post=7950"}],"curies":[{"name":"wp","href":"https:\/\/api.w.org\/{rel}","templated":true}]}}