{"id":795,"date":"2023-07-04T22:21:33","date_gmt":"2023-07-04T22:21:33","guid":{"rendered":"https:\/\/radiocresatelital.com\/?p=795"},"modified":"2023-07-04T22:21:33","modified_gmt":"2023-07-04T22:21:33","slug":"gad-de-cuenca-busca-renovar-la-certificacion-como-municipio-saludable","status":"publish","type":"post","link":"https:\/\/radiocresatelital.com\/?p=795","title":{"rendered":"GAD de Cuenca busca renovar la certificaci\u00f3n como Municipio Saludable"},"content":{"rendered":"<div class=\"row\">\n<section id=\"postcontent\" class=\"col-md-9 col-sm-6 line-right\">Cuenca.- El Ministerio de Salud P\u00fablica (MSP) y la Alcald\u00eda de Cuenca firmaron la Carta de Intenci\u00f3n la cual define la hoja de ruta que permitir\u00e1 renovar la certificaci\u00f3n de Municipio Saludable para el Gobierno Aut\u00f3nomo Descentralizado (GAD) de la capital de la provincia del Azuay.<\/p>\n<p>La firma de esta renovaci\u00f3n cont\u00f3 con la presencia de Jos\u00e9 Ruales, ministro de Salud P\u00fablica, y Cristian Zamora, alcalde de la ciudad.<\/p>\n<p>El MSP lidera el Programa Nacional Municipios Saludables y la Estrategia Nacional de Mercados Saludables en el pa\u00eds. El objetivo principal de estas iniciativas es impulsar que los GAD aborden de manera integral los determinantes que influyen en el estado de salud de la poblaci\u00f3n, mejorando as\u00ed el bienestar y calidad de vida de la ciudadan\u00eda.<\/p>\n<p>El programa consiste en sensibilizar a las municipalidades sobre los determinantes sociales y ambientales de la salud, certificarlas como saludables para ejecutar proyectos, pol\u00edticas y acciones que incidan de forma positiva en la salud de la poblaci\u00f3n.<\/p>\n<p>En 2018, el Municipio de Cuenca obtuvo la certificaci\u00f3n como el Primer Municipio Saludable del pa\u00eds, logrando un porcentaje del 91% en los indicadores evaluados. Con la firma de la Carta de Intenci\u00f3n, el GAD de Cuenca busca renovar la certificaci\u00f3n obtenida en ese a\u00f1o. Cabe mencionar que dicha renovaci\u00f3n se realiza cada 5 a\u00f1os.<\/p>\n<p>Cristian Zamora, alcalde de Cuenca, manifest\u00f3 su compromiso desde la administraci\u00f3n municipal para seguir trabajando en el fortalecimiento del sistema de salud de la ciudad en beneficio de toda la poblaci\u00f3n cuencana.<\/p>\n<p>Durante su intervenci\u00f3n, Jos\u00e9 Ruales, ministro de Salud P\u00fablica, destac\u00f3 que Cuenca ha sido un referente y ejemplo para el pa\u00eds. Asimismo, comprometi\u00f3 el apoyo del MSP para contribuir juntos en la mejora de la salud.<\/p>\n<p>Adem\u00e1s resalt\u00f3 que los componentes del modelo de certificaci\u00f3n para Municipios Saludables son: estar libre de contaminaci\u00f3n, generar espacios saludables, fomentar la movilidad saludable, impulsar la econom\u00eda solidaria, fomentar pr\u00e1cticas de vida saludable, gestionar riesgos y planificar de forma participativa.<\/p>\n<\/section>\n<\/div>\n","protected":false},"excerpt":{"rendered":"<p>Cuenca.- El Ministerio de Salud P\u00fablica (MSP) y la Alcald\u00eda de Cuenca firmaron la Carta de Intenci\u00f3n la cual define la hoja de ruta que permitir\u00e1 renovar la certificaci\u00f3n de Municipio Saludable para el Gobierno Aut\u00f3nomo Descentralizado (GAD) de la capital de la provincia del Azuay. La firma de esta renovaci\u00f3n cont\u00f3 con la presencia [&hellip;]<\/p>\n","protected":false},"author":2,"featured_media":796,"comment_status":"open","ping_status":"closed","sticky":false,"template":"","format":"standard","meta":{"_jetpack_memberships_contains_paid_content":false,"footnotes":""},"categories":[13],"tags":[192],"class_list":["post-795","post","type-post","status-publish","format-standard","has-post-thumbnail","hentry","category-noticias-nacionales","tag-gad-de-cuenca"],"jetpack_featured_media_url":"https:\/\/radiocresatelital.com\/wp-content\/uploads\/2023\/07\/Gad-Cuenca.jpg","jetpack_sharing_enabled":true,"_links":{"self":[{"href":"https:\/\/radiocresatelital.com\/index.php?rest_route=\/wp\/v2\/posts\/795","targetHints":{"allow":["GET"]}}],"collection":[{"href":"https:\/\/radiocresatelital.com\/index.php?rest_route=\/wp\/v2\/posts"}],"about":[{"href":"https:\/\/radiocresatelital.com\/index.php?rest_route=\/wp\/v2\/types\/post"}],"author":[{"embeddable":true,"href":"https:\/\/radiocresatelital.com\/index.php?rest_route=\/wp\/v2\/users\/2"}],"replies":[{"embeddable":true,"href":"https:\/\/radiocresatelital.com\/index.php?rest_route=%2Fwp%2Fv2%2Fcomments&post=795"}],"version-history":[{"count":1,"href":"https:\/\/radiocresatelital.com\/index.php?rest_route=\/wp\/v2\/posts\/795\/revisions"}],"predecessor-version":[{"id":797,"href":"https:\/\/radiocresatelital.com\/index.php?rest_route=\/wp\/v2\/posts\/795\/revisions\/797"}],"wp:featuredmedia":[{"embeddable":true,"href":"https:\/\/radiocresatelital.com\/index.php?rest_route=\/wp\/v2\/media\/796"}],"wp:attachment":[{"href":"https:\/\/radiocresatelital.com\/index.php?rest_route=%2Fwp%2Fv2%2Fmedia&parent=795"}],"wp:term":[{"taxonomy":"category","embeddable":true,"href":"https:\/\/radiocresatelital.com\/index.php?rest_route=%2Fwp%2Fv2%2Fcategories&post=795"},{"taxonomy":"post_tag","embeddable":true,"href":"https:\/\/radiocresatelital.com\/index.php?rest_route=%2Fwp%2Fv2%2Ftags&post=795"}],"curies":[{"name":"wp","href":"https:\/\/api.w.org\/{rel}","templated":true}]}}