{"id":7944,"date":"2023-11-25T19:19:17","date_gmt":"2023-11-25T19:19:17","guid":{"rendered":"https:\/\/radiocresatelital.com\/?p=7944"},"modified":"2023-11-25T19:19:17","modified_gmt":"2023-11-25T19:19:17","slug":"fc-barcelona-rescata-un-empate-de-visitante-al-rayo-vallecano","status":"publish","type":"post","link":"https:\/\/radiocresatelital.com\/?p=7944","title":{"rendered":"FC Barcelona rescata un empate de visitante al Rayo Vallecano"},"content":{"rendered":"<p class=\"text__text__1FZLe text__dark-grey__3Ml43 text__regular__2N1Xr text__small__1kGq2 body__full_width__ekUdw body__small_body__2vQyf article-body__paragraph__2-BtD\" data-testid=\"paragraph-0\"><span>Madrid.- El FC Barcelona conquist\u00f3 un importante punto con un empate a un gol por bando en su visita al Rayo Vallecano\u00a0 gracias a un gol en propia meta del defensa Florian Lejeune en el segundo tiempo.<\/span><\/p>\n<p class=\"text__text__1FZLe text__dark-grey__3Ml43 text__regular__2N1Xr text__small__1kGq2 body__full_width__ekUdw body__small_body__2vQyf article-body__paragraph__2-BtD\" data-testid=\"paragraph-1\"><span>Los campeones de LaLiga son terceros en la clasificaci\u00f3n con 31 puntos, uno detr\u00e1s del Real Madrid, segundo clasificado, y tres detr\u00e1s del sorpresivo l\u00edder Girona, quienes tienen un partido menos.<\/span><\/p>\n<p class=\"text__text__1FZLe text__dark-grey__3Ml43 text__regular__2N1Xr text__small__1kGq2 body__full_width__ekUdw body__small_body__2vQyf article-body__paragraph__2-BtD\" data-testid=\"paragraph-2\"><span>Podr\u00edan ser superados por el Atl\u00e9tico de Madrid, cuarto clasificado, que, con 28 puntos, tiene dos partidos menos y recibir\u00e1 al modesto Mallorca m\u00e1s tarde el s\u00e1bado.<\/span><\/p>\n<div class=\"article-body__element__2p5pI\">\n<div class=\"spacing-container__container__2g5QT spacing-container__t-spacing-single-three-quarters__2_moJ spacing-container__b-spacing-single-three-quarters__1fuBK spacing-container__max-width__zScFd\" data-testid=\"ResponsiveAdSlot\">\n<div class=\"ad-slot__container__FEnoz ad-slot__fixed-height__6m70D\">\n<div class=\"ad-slot__inner__2u45U\">\n<div>Impactado por las lesiones de jugadores clave como el portero Marc-Andr\u00e9 Ter Stegen y el mediocampista Gavi, que sufri\u00f3 un desgarro del ligamento anterior cruzado\u00a0en la victoria de Espa\u00f1a contra Georgia, el t\u00e9cnico del Bar\u00e7a, Xavi Hern\u00e1ndez, hizo seis cambios en la selecci\u00f3n del equipo que se recuper\u00f3 para ganar 2-1 contra los humildes. Alav\u00e9s en su partido anterior pero su equipo sigui\u00f3 luchando.<\/div>\n<\/div>\n<\/div>\n<\/div>\n<\/div>\n<p class=\"text__text__1FZLe text__dark-grey__3Ml43 text__regular__2N1Xr text__small__1kGq2 body__full_width__ekUdw body__small_body__2vQyf article-body__paragraph__2-BtD\" data-testid=\"paragraph-4\"><span>El Rayo comenz\u00f3 el partido arriba y super\u00f3 a los campeones de la temporada pasada durante la primera mitad antes de abrir el marcador con un brillante disparo desde lejos del centrocampista Unai L\u00f3pez en el minuto 39.<\/span><\/p>\n<div class=\"article-body__element__2p5pI\">\n<div class=\"spacing-container__container__2g5QT spacing-container__t-spacing-single-three-quarters__2_moJ spacing-container__b-spacing-single-three-quarters__1fuBK spacing-container__max-width__zScFd\" data-testid=\"ResponsiveAdSlot\">\n<div class=\"ad-slot__container__FEnoz ad-slot__fixed-height__6m70D\">\n<div class=\"ad-slot__inner__2u45U\">\n<div>Despu\u00e9s de que la defensa del Bar\u00e7a bloqueara dos intentos de sus rivales en un \u00e1rea abarrotada tras un tiro libre, L\u00f3pez aprovech\u00f3 un bal\u00f3n suelto de un rebote y dispar\u00f3 justo dentro del poste izquierdo.<\/div>\n<\/div>\n<\/div>\n<\/div>\n<\/div>\n<p class=\"text__text__1FZLe text__dark-grey__3Ml43 text__regular__2N1Xr text__small__1kGq2 body__full_width__ekUdw body__small_body__2vQyf article-body__paragraph__2-BtD\" data-testid=\"paragraph-6\"><span>El Bar\u00e7a remont\u00f3 con urgencia tras el descanso y empat\u00f3 gracias a un error del defensa del Rayo Lejeune, que envi\u00f3 el bal\u00f3n a su propia porter\u00eda con la punta de la bota cuando intentaba despejar un centro en el minuto 82.<\/span><\/p>\n<div class=\"article-body__element__2p5pI\">\n<div class=\"spacing-container__container__2g5QT spacing-container__t-spacing-single-three-quarters__2_moJ spacing-container__b-spacing-single-three-quarters__1fuBK spacing-container__max-width__zScFd\" data-testid=\"ResponsiveAdSlot\">\n<div class=\"ad-slot__container__FEnoz ad-slot__fixed-height__6m70D\">\n<div class=\"ad-slot__inner__2u45U\">\n<div>\u00abNo jugamos bien, no estuvimos a nuestro nivel. Tenemos que trabajar m\u00e1s duro\u00bb, dijo a Movistar Plus el centrocampista Frenkie de Jong, que volvi\u00f3 al once titular tras perderse 10 partidos por lesi\u00f3n.<\/div>\n<\/div>\n<\/div>\n<\/div>\n<\/div>\n<p class=\"text__text__1FZLe text__dark-grey__3Ml43 text__regular__2N1Xr text__small__1kGq2 body__full_width__ekUdw body__small_body__2vQyf article-body__paragraph__2-BtD\" data-testid=\"paragraph-8\"><span>\u00abTenemos un buen equipo, el plan es bueno, todos corrieron lo m\u00e1s que pudieron, pero tenemos que ser consistentes. Tenemos muchas lesiones, es cierto, pero queda mucha temporada para recuperarnos\u00bb.<\/span><\/p>\n","protected":false},"excerpt":{"rendered":"<p>Madrid.- El FC Barcelona conquist\u00f3 un importante punto con un empate a un gol por bando en su visita al Rayo Vallecano\u00a0 gracias a un gol en propia meta del defensa Florian Lejeune en el segundo tiempo. Los campeones de LaLiga son terceros en la clasificaci\u00f3n con 31 puntos, uno detr\u00e1s del Real Madrid, segundo [&hellip;]<\/p>\n","protected":false},"author":2,"featured_media":7945,"comment_status":"open","ping_status":"closed","sticky":false,"template":"","format":"standard","meta":{"_jetpack_memberships_contains_paid_content":false,"footnotes":""},"categories":[7],"tags":[424,1349],"class_list":["post-7944","post","type-post","status-publish","format-standard","has-post-thumbnail","hentry","category-futbol-internacional","tag-fc-barcelona","tag-rayo-vallecano"],"jetpack_featured_media_url":"https:\/\/radiocresatelital.com\/wp-content\/uploads\/2023\/11\/1813245701.5.jpg","jetpack_sharing_enabled":true,"_links":{"self":[{"href":"https:\/\/radiocresatelital.com\/index.php?rest_route=\/wp\/v2\/posts\/7944","targetHints":{"allow":["GET"]}}],"collection":[{"href":"https:\/\/radiocresatelital.com\/index.php?rest_route=\/wp\/v2\/posts"}],"about":[{"href":"https:\/\/radiocresatelital.com\/index.php?rest_route=\/wp\/v2\/types\/post"}],"author":[{"embeddable":true,"href":"https:\/\/radiocresatelital.com\/index.php?rest_route=\/wp\/v2\/users\/2"}],"replies":[{"embeddable":true,"href":"https:\/\/radiocresatelital.com\/index.php?rest_route=%2Fwp%2Fv2%2Fcomments&post=7944"}],"version-history":[{"count":1,"href":"https:\/\/radiocresatelital.com\/index.php?rest_route=\/wp\/v2\/posts\/7944\/revisions"}],"predecessor-version":[{"id":7946,"href":"https:\/\/radiocresatelital.com\/index.php?rest_route=\/wp\/v2\/posts\/7944\/revisions\/7946"}],"wp:featuredmedia":[{"embeddable":true,"href":"https:\/\/radiocresatelital.com\/index.php?rest_route=\/wp\/v2\/media\/7945"}],"wp:attachment":[{"href":"https:\/\/radiocresatelital.com\/index.php?rest_route=%2Fwp%2Fv2%2Fmedia&parent=7944"}],"wp:term":[{"taxonomy":"category","embeddable":true,"href":"https:\/\/radiocresatelital.com\/index.php?rest_route=%2Fwp%2Fv2%2Fcategories&post=7944"},{"taxonomy":"post_tag","embeddable":true,"href":"https:\/\/radiocresatelital.com\/index.php?rest_route=%2Fwp%2Fv2%2Ftags&post=7944"}],"curies":[{"name":"wp","href":"https:\/\/api.w.org\/{rel}","templated":true}]}}