{"id":7941,"date":"2023-11-25T19:00:40","date_gmt":"2023-11-25T19:00:40","guid":{"rendered":"https:\/\/radiocresatelital.com\/?p=7941"},"modified":"2023-11-25T19:00:40","modified_gmt":"2023-11-25T19:00:40","slug":"vissel-kobe-se-consagra-monarca-en-el-futbol-japones-por-primera-vez","status":"publish","type":"post","link":"https:\/\/radiocresatelital.com\/?p=7941","title":{"rendered":"Vissel Kobe se consagra monarca en el f\u00fatbol japon\u00e9s por primera vez"},"content":{"rendered":"<p>Tokio.- El equipo japon\u00e9s, Vissel Kobe se ha consagrado campe\u00f3n de la J-League japonesa con una fecha de anticipaci\u00f3n y por primera vez desde que el astro espa\u00f1ol Andr\u00e9s Iniesta se alej\u00f3 del club despu\u00e9s de cinco temporadas para jugar en Emiratos \u00c1rabes Unidos.<\/p>\n<p>El campe\u00f3n mundial se perdi\u00f3 de celebrar as\u00ed el que hubiese sido su cuadrag\u00e9simo t\u00edtulo como profesional y el tercero con Vissel Kobe, con el que se consagr\u00f3 en la Copa del Emperador de 2019 y en la Supercopa de Jap\u00f3n al a\u00f1o siguiente.<\/p>\n<p>Sus ex compa\u00f1eros celebraron hoy por anticipado al derrotar por 2-1 al Nagoya Grampus, con lo cual lograron una ventaja de cuatro puntos sobre su escolta Yokohama Marinos, que empat\u00f3 el viernes con Niigata y al que suceden en el trono.<\/p>\n<p>El t\u00edtulo representa una especie de resurrecci\u00f3n para Vissel Kobe, que en la pasada temporada peleaba por no descender y que al mando de Takayuki Yoshida hoy celebra por primera vez en la J-League.<\/p>\n<p>Una consagraci\u00f3n en la que mucho tuvo que ver Yuya Osako, de 33 a\u00f1os y quien supo militar en el alem\u00e1n Werder Bremen, pero fue sorprendentemente excluido de la selecci\u00f3n nacional que disput\u00f3 el Mundial de Qatar 2022, que es el m\u00e1ximo artillero del torneo con 22 festejos.<\/p>\n<p>Por las filas de Vissel Kobe, que adopt\u00f3 ese nombre en 1995 (antiguamente se lo conoc\u00eda como Kawasaki Steel SC (fundado en 1966), adem\u00e1s de Iniesta pasaron jugadores de la talla de su compatriota David Villa y del alem\u00e1n de origen polaco Lukasz Podolski.<\/p>\n<p>Su presidente es Hiroshi Mikitani, propietario de la empresa Rakuten, la casa de apuestas on-line, y uno de los hombres m\u00e1s adinerados de Jap\u00f3n.<\/p>\n","protected":false},"excerpt":{"rendered":"<p>Tokio.- El equipo japon\u00e9s, Vissel Kobe se ha consagrado campe\u00f3n de la J-League japonesa con una fecha de anticipaci\u00f3n y por primera vez desde que el astro espa\u00f1ol Andr\u00e9s Iniesta se alej\u00f3 del club despu\u00e9s de cinco temporadas para jugar en Emiratos \u00c1rabes Unidos. El campe\u00f3n mundial se perdi\u00f3 de celebrar as\u00ed el que hubiese [&hellip;]<\/p>\n","protected":false},"author":2,"featured_media":7942,"comment_status":"open","ping_status":"closed","sticky":false,"template":"","format":"standard","meta":{"_jetpack_memberships_contains_paid_content":false,"footnotes":""},"categories":[7],"tags":[1348,1347],"class_list":["post-7941","post","type-post","status-publish","format-standard","has-post-thumbnail","hentry","category-futbol-internacional","tag-futbol-japones","tag-vissel-kobe"],"jetpack_featured_media_url":"https:\/\/radiocresatelital.com\/wp-content\/uploads\/2023\/11\/09cd726e9ee61305dca6b7589249c2e9dffd6e63.jpg","jetpack_sharing_enabled":true,"_links":{"self":[{"href":"https:\/\/radiocresatelital.com\/index.php?rest_route=\/wp\/v2\/posts\/7941","targetHints":{"allow":["GET"]}}],"collection":[{"href":"https:\/\/radiocresatelital.com\/index.php?rest_route=\/wp\/v2\/posts"}],"about":[{"href":"https:\/\/radiocresatelital.com\/index.php?rest_route=\/wp\/v2\/types\/post"}],"author":[{"embeddable":true,"href":"https:\/\/radiocresatelital.com\/index.php?rest_route=\/wp\/v2\/users\/2"}],"replies":[{"embeddable":true,"href":"https:\/\/radiocresatelital.com\/index.php?rest_route=%2Fwp%2Fv2%2Fcomments&post=7941"}],"version-history":[{"count":1,"href":"https:\/\/radiocresatelital.com\/index.php?rest_route=\/wp\/v2\/posts\/7941\/revisions"}],"predecessor-version":[{"id":7943,"href":"https:\/\/radiocresatelital.com\/index.php?rest_route=\/wp\/v2\/posts\/7941\/revisions\/7943"}],"wp:featuredmedia":[{"embeddable":true,"href":"https:\/\/radiocresatelital.com\/index.php?rest_route=\/wp\/v2\/media\/7942"}],"wp:attachment":[{"href":"https:\/\/radiocresatelital.com\/index.php?rest_route=%2Fwp%2Fv2%2Fmedia&parent=7941"}],"wp:term":[{"taxonomy":"category","embeddable":true,"href":"https:\/\/radiocresatelital.com\/index.php?rest_route=%2Fwp%2Fv2%2Fcategories&post=7941"},{"taxonomy":"post_tag","embeddable":true,"href":"https:\/\/radiocresatelital.com\/index.php?rest_route=%2Fwp%2Fv2%2Ftags&post=7941"}],"curies":[{"name":"wp","href":"https:\/\/api.w.org\/{rel}","templated":true}]}}