{"id":7930,"date":"2023-11-25T18:28:12","date_gmt":"2023-11-25T18:28:12","guid":{"rendered":"https:\/\/radiocresatelital.com\/?p=7930"},"modified":"2023-11-25T18:28:12","modified_gmt":"2023-11-25T18:28:12","slug":"orense-enfrenta-a-ind-del-valle-en-busca-de-la-clasificacion-a-la-copa-sudamericana","status":"publish","type":"post","link":"https:\/\/radiocresatelital.com\/?p=7930","title":{"rendered":"Orense enfrenta a Ind. del Valle en busca de la clasificaci\u00f3n a la Copa Sudamericana"},"content":{"rendered":"<p>Desde las 18h00 locales (23h00 GMT) de este s\u00e1bado, Orense Sporting Club va en busca de su primera clasificaci\u00f3n a un torneo internacional, cuando enfrente en condici\u00f3n de visitante a Independiente del Valle en el Estadio Banco Guayaquil, por la fecha 14, fase 2, de la LigaPro Bet593.<\/p>\n<p>Orense S.C. se encuentra en la octava posici\u00f3n de la tabla acumulada con 36 puntos, siendo T\u00e9cnico Universitario que se encuentra en la novena posici\u00f3n con 35 y Deportivo Cuenca en la d\u00e9cima posici\u00f3n con 34 sus principales perseguidores, por lo que de conseguir la victoria sumar\u00eda 39 puntos y de darse algunos resultados estar\u00eda asegurando la clasificaci\u00f3n a la Conmebol Sudamericana por primera vez en su historia y as\u00ed darle la oportunidad a la afici\u00f3n orense de observar un torneo internacional en el Estadio 9 de Mayo &#8211; Banco de Machala.<\/p>\n<p>Este encuentro ser\u00e1 el octavo enfrentamiento entre verdes y rayados. En 7 partidos, se han registrado 5 victorias para Independiente del Valle, 1 empate y 1 victoria para Orense Sporting Club por LigaPro, por lo que los orenses buscar\u00e1n su segundo triunfo. Mientras que en Copa Ecuador, ambas escuadras registran dos empates.<\/p>\n<p>El profesor Juan Carlos Le\u00f3n tendr\u00e1 de baja a Rodrigo Rivas y Andy Burbano quienes a\u00fan no se han logrado recuperar de sus lesiones, tampoco estar\u00e1 Steveen Qui\u00f1onez ya que cumple su \u00faltimo partido de suspensi\u00f3n, luego de una sanci\u00f3n por expulsi\u00f3n. El t\u00e9cnico ya defini\u00f3 los convocados para este compromiso, quienes viajar\u00e1n por la v\u00eda a\u00e9rea el mismo s\u00e1bado 25 de noviembre desde el Aeropuerto Regional de Santa Rosa hasta la ciudad de Quito, junto a los hinchas que han adquirido su pase en el Charter Orense, que les permitir\u00e1 ser parte de la delegaci\u00f3n que busca hacer historia en El Oro.<\/p>\n<p>El \u00faltimo partido de Orense Sporting Club de la temporada 2023 ser\u00e1 en condici\u00f3n de local ante Aucas, en el Estadio 9 de Mayo &#8211; Banco de Machala, en donde desde ya se anuncian promociones en los boletos de las diferentes localidades, con el objetivo de tener el estadio lleno y la gente apoyando, ya sea en busca de sellar el pase o en la celebraci\u00f3n de la consecuci\u00f3n del objetivo.<\/p>\n","protected":false},"excerpt":{"rendered":"<p>Desde las 18h00 locales (23h00 GMT) de este s\u00e1bado, Orense Sporting Club va en busca de su primera clasificaci\u00f3n a un torneo internacional, cuando enfrente en condici\u00f3n de visitante a Independiente del Valle en el Estadio Banco Guayaquil, por la fecha 14, fase 2, de la LigaPro Bet593. Orense S.C. se encuentra en la octava [&hellip;]<\/p>\n","protected":false},"author":2,"featured_media":7931,"comment_status":"open","ping_status":"closed","sticky":false,"template":"","format":"standard","meta":{"_jetpack_memberships_contains_paid_content":false,"footnotes":""},"categories":[626,73],"tags":[81,127],"class_list":["post-7930","post","type-post","status-publish","format-standard","has-post-thumbnail","hentry","category-futbol-nacional","category-liga-pro","tag-independiente-del-valle","tag-orense"],"jetpack_featured_media_url":"https:\/\/radiocresatelital.com\/wp-content\/uploads\/2023\/11\/42ba73ec-d675-4260-97ab-8c673b58668e.jpeg","jetpack_sharing_enabled":true,"_links":{"self":[{"href":"https:\/\/radiocresatelital.com\/index.php?rest_route=\/wp\/v2\/posts\/7930","targetHints":{"allow":["GET"]}}],"collection":[{"href":"https:\/\/radiocresatelital.com\/index.php?rest_route=\/wp\/v2\/posts"}],"about":[{"href":"https:\/\/radiocresatelital.com\/index.php?rest_route=\/wp\/v2\/types\/post"}],"author":[{"embeddable":true,"href":"https:\/\/radiocresatelital.com\/index.php?rest_route=\/wp\/v2\/users\/2"}],"replies":[{"embeddable":true,"href":"https:\/\/radiocresatelital.com\/index.php?rest_route=%2Fwp%2Fv2%2Fcomments&post=7930"}],"version-history":[{"count":1,"href":"https:\/\/radiocresatelital.com\/index.php?rest_route=\/wp\/v2\/posts\/7930\/revisions"}],"predecessor-version":[{"id":7932,"href":"https:\/\/radiocresatelital.com\/index.php?rest_route=\/wp\/v2\/posts\/7930\/revisions\/7932"}],"wp:featuredmedia":[{"embeddable":true,"href":"https:\/\/radiocresatelital.com\/index.php?rest_route=\/wp\/v2\/media\/7931"}],"wp:attachment":[{"href":"https:\/\/radiocresatelital.com\/index.php?rest_route=%2Fwp%2Fv2%2Fmedia&parent=7930"}],"wp:term":[{"taxonomy":"category","embeddable":true,"href":"https:\/\/radiocresatelital.com\/index.php?rest_route=%2Fwp%2Fv2%2Fcategories&post=7930"},{"taxonomy":"post_tag","embeddable":true,"href":"https:\/\/radiocresatelital.com\/index.php?rest_route=%2Fwp%2Fv2%2Ftags&post=7930"}],"curies":[{"name":"wp","href":"https:\/\/api.w.org\/{rel}","templated":true}]}}