{"id":7842,"date":"2023-11-23T20:51:58","date_gmt":"2023-11-23T20:51:58","guid":{"rendered":"https:\/\/radiocresatelital.com\/?p=7842"},"modified":"2023-11-23T20:51:58","modified_gmt":"2023-11-23T20:51:58","slug":"la-copa-america-sera-la-ultima-vez-que-vista-la-camiseta-de-argentina-angel-di-maria","status":"publish","type":"post","link":"https:\/\/radiocresatelital.com\/?p=7842","title":{"rendered":"La Copa Am\u00e9rica ser\u00e1 la \u00faltima vez que vista la camiseta de Argentina, \u00c1ngel Di Mar\u00eda"},"content":{"rendered":"<p class=\"text__text__1FZLe text__dark-grey__3Ml43 text__regular__2N1Xr text__small__1kGq2 body__full_width__ekUdw body__small_body__2vQyf article-body__paragraph__2-BtD\" data-testid=\"paragraph-0\"><span>Buenos Aires.- \u00c1ngel D\u00ed Mar\u00eda actual delantero de la selecci\u00f3n Campeona del Mundo, ha indicado que colgar\u00e1 los botines del f\u00fatbol internacional luego de la Copa Am\u00e9rica del pr\u00f3ximo a\u00f1o, dijo el propio jugador de 35 a\u00f1os despu\u00e9s de representar a su pa\u00eds durante 15 a\u00f1os.<\/span><\/p>\n<p class=\"text__text__1FZLe text__dark-grey__3Ml43 text__regular__2N1Xr text__small__1kGq2 body__full_width__ekUdw body__small_body__2vQyf article-body__paragraph__2-BtD\" data-testid=\"paragraph-1\"><span>Di Mar\u00eda ha disputado 136 partidos con Argentina, campeona del mundo, desde su debut en 2008, jugando en cuatro Copas del Mundo y anotando en la final de 2022 sobre Francia.<\/span><\/p>\n<p class=\"text__text__1FZLe text__dark-grey__3Ml43 text__regular__2N1Xr text__small__1kGq2 body__full_width__ekUdw body__small_body__2vQyf article-body__paragraph__2-BtD\" data-testid=\"paragraph-2\"><span>Participar\u00e1 en su sexta Copa Am\u00e9rica del 20 de junio al 14 de julio en Estados Unidos, donde Argentina intentar\u00e1 defender con \u00e9xito su t\u00edtulo continental.<\/span><\/p>\n<div class=\"article-body__element__2p5pI\">\n<div class=\"spacing-container__container__2g5QT spacing-container__t-spacing-single-three-quarters__2_moJ spacing-container__b-spacing-single-three-quarters__1fuBK spacing-container__max-width__zScFd\" data-testid=\"ResponsiveAdSlot\">\n<div class=\"ad-slot__container__FEnoz ad-slot__fixed-height__6m70D\">\n<div class=\"ad-slot__inner__2u45U\">\n<div>\u00abLa Copa Am\u00e9rica ser\u00e1 la \u00faltima vez que vista la camiseta de Argentina\u00bb, escribi\u00f3 Di Mar\u00eda en su cuenta de Instagram.<\/div>\n<\/div>\n<\/div>\n<\/div>\n<\/div>\n<p class=\"text__text__1FZLe text__dark-grey__3Ml43 text__regular__2N1Xr text__small__1kGq2 body__full_width__ekUdw body__small_body__2vQyf article-body__paragraph__2-BtD\" data-testid=\"paragraph-4\"><span>\u201cCon todo el dolor en el alma y sintiendo un nudo en la garganta me despido de lo m\u00e1s lindo que me pas\u00f3 en mi carrera.<\/span><\/p>\n<p class=\"text__text__1FZLe text__dark-grey__3Ml43 text__regular__2N1Xr text__small__1kGq2 body__full_width__ekUdw body__small_body__2vQyf article-body__paragraph__2-BtD\" data-testid=\"paragraph-5\"><span>\u00abNo puedo expresar con palabras cu\u00e1nto me ha llenado el alma el aplauso de la afici\u00f3n en este \u00faltimo partido, disfrut\u00e9 cada segundo con mis compa\u00f1eros y amigos\u00bb, a\u00f1adi\u00f3, en referencia a su \u00faltimo partido de clasificaci\u00f3n para el Mundial en el que jug\u00f3 Argentina.\u00a0<\/span><span>venci\u00f3<\/span><span>\u00a0a Brasil.<\/span><\/p>\n<div class=\"article-body__element__2p5pI\">\n<div class=\"spacing-container__container__2g5QT spacing-container__t-spacing-single-three-quarters__2_moJ spacing-container__b-spacing-single-three-quarters__1fuBK spacing-container__max-width__zScFd\" data-testid=\"ResponsiveAdSlot\">\n<div class=\"ad-slot__container__FEnoz ad-slot__fixed-height__6m70D\">\n<div class=\"ad-slot__inner__2u45U\">\n<div>Di Mar\u00eda se reincorpor\u00f3 este a\u00f1o al Benfica, campe\u00f3n portugu\u00e9s, el club en el que jug\u00f3 entre 2007 y 2010 cuando lleg\u00f3 por primera vez a Europa.<\/div>\n<\/div>\n<\/div>\n<\/div>\n<\/div>\n<p class=\"text__text__1FZLe text__dark-grey__3Ml43 text__regular__2N1Xr text__small__1kGq2 body__full_width__ekUdw body__small_body__2vQyf article-body__paragraph__2-BtD\" data-testid=\"paragraph-7\"><span>El extremo tambi\u00e9n jug\u00f3 en el Real Madrid, Paris St Germain, Juventus y Manchester United.<\/span><\/p>\n","protected":false},"excerpt":{"rendered":"<p>Buenos Aires.- \u00c1ngel D\u00ed Mar\u00eda actual delantero de la selecci\u00f3n Campeona del Mundo, ha indicado que colgar\u00e1 los botines del f\u00fatbol internacional luego de la Copa Am\u00e9rica del pr\u00f3ximo a\u00f1o, dijo el propio jugador de 35 a\u00f1os despu\u00e9s de representar a su pa\u00eds durante 15 a\u00f1os. Di Mar\u00eda ha disputado 136 partidos con Argentina, campeona [&hellip;]<\/p>\n","protected":false},"author":2,"featured_media":7843,"comment_status":"open","ping_status":"closed","sticky":false,"template":"","format":"standard","meta":{"_jetpack_memberships_contains_paid_content":false,"footnotes":""},"categories":[7],"tags":[63,573],"class_list":["post-7842","post","type-post","status-publish","format-standard","has-post-thumbnail","hentry","category-futbol-internacional","tag-angel-di-maria","tag-seleccion-argentina"],"jetpack_featured_media_url":"https:\/\/radiocresatelital.com\/wp-content\/uploads\/2023\/11\/639f3dad2c84d.r_1700758419630.0-54-1008-558.jpeg","jetpack_sharing_enabled":true,"_links":{"self":[{"href":"https:\/\/radiocresatelital.com\/index.php?rest_route=\/wp\/v2\/posts\/7842","targetHints":{"allow":["GET"]}}],"collection":[{"href":"https:\/\/radiocresatelital.com\/index.php?rest_route=\/wp\/v2\/posts"}],"about":[{"href":"https:\/\/radiocresatelital.com\/index.php?rest_route=\/wp\/v2\/types\/post"}],"author":[{"embeddable":true,"href":"https:\/\/radiocresatelital.com\/index.php?rest_route=\/wp\/v2\/users\/2"}],"replies":[{"embeddable":true,"href":"https:\/\/radiocresatelital.com\/index.php?rest_route=%2Fwp%2Fv2%2Fcomments&post=7842"}],"version-history":[{"count":1,"href":"https:\/\/radiocresatelital.com\/index.php?rest_route=\/wp\/v2\/posts\/7842\/revisions"}],"predecessor-version":[{"id":7844,"href":"https:\/\/radiocresatelital.com\/index.php?rest_route=\/wp\/v2\/posts\/7842\/revisions\/7844"}],"wp:featuredmedia":[{"embeddable":true,"href":"https:\/\/radiocresatelital.com\/index.php?rest_route=\/wp\/v2\/media\/7843"}],"wp:attachment":[{"href":"https:\/\/radiocresatelital.com\/index.php?rest_route=%2Fwp%2Fv2%2Fmedia&parent=7842"}],"wp:term":[{"taxonomy":"category","embeddable":true,"href":"https:\/\/radiocresatelital.com\/index.php?rest_route=%2Fwp%2Fv2%2Fcategories&post=7842"},{"taxonomy":"post_tag","embeddable":true,"href":"https:\/\/radiocresatelital.com\/index.php?rest_route=%2Fwp%2Fv2%2Ftags&post=7842"}],"curies":[{"name":"wp","href":"https:\/\/api.w.org\/{rel}","templated":true}]}}