{"id":7694,"date":"2023-11-21T20:29:12","date_gmt":"2023-11-21T20:29:12","guid":{"rendered":"https:\/\/radiocresatelital.com\/?p=7694"},"modified":"2023-11-21T20:29:12","modified_gmt":"2023-11-21T20:29:12","slug":"samborondon-tendra-la-primera-planta-clasificadora-de-residuos","status":"publish","type":"post","link":"https:\/\/radiocresatelital.com\/?p=7694","title":{"rendered":"Samborond\u00f3n tendr\u00e1 la primera planta clasificadora de residuos"},"content":{"rendered":"<p>Samborond\u00f3n.- El cant\u00f3n Samborond\u00f3n, provincia del Guayas, tendr\u00e1 la primera planta clasificadora de residuos de Ecuador y Sudam\u00e9rica. La obra es posible gracias a alianza del Municipio de Samborond\u00f3n y Geocycle, filial de Holcim.<\/p>\n<p>La construcci\u00f3n de la obra -en un \u00e1rea de 1.200 m2 donde es actualmente el relleno sanitario- inici\u00f3 este lunes 20 de noviembre de 2023. El tiempo de ejecuci\u00f3n ser\u00e1 de seis meses. Es decir, estar\u00e1 lista en mayo de 2024. La inversi\u00f3n ser\u00e1 de USD 2,7 millones, monto que asume Geocycle, l\u00edder en soluciones circulares para la gesti\u00f3n de una diversa gama de residuos, con presencia en m\u00e1s de 40 pa\u00edses del mundo.<\/p>\n<p>\u201cColocamos la primera piedra de la construcci\u00f3n de esta obra que contribuye a un Samborond\u00f3n m\u00e1s sostenible. Todo el material ser\u00e1 clasificado, preparado y valorizado. Gestionaremos sustentablemente m\u00e1s de 38.000 toneladas al a\u00f1o de desechos s\u00f3lidos dom\u00e9sticos\u201d, dijo el alcalde, Juan Jos\u00e9 Y\u00fanez.<\/p>\n<p>Seg\u00fan el proyecto, de 105 toneladas diarios, el 80% ser\u00e1 reutilizado y un 20% se quedar\u00e1 en el relleno sanitario de Samborond\u00f3n. \u201cNos encaminamos a una gesti\u00f3n integral de desechos s\u00f3lidos. Una ciudad no se desarrolla sin el cuidado<br \/>\ndel ambiente. Desde Samborond\u00f3n tenemos el objetivo de reducir nuestra huella de carbono. Samborond\u00f3n es una ciudad con visi\u00f3n futurista porque no se puede hablar de futuro sin hablar de sostenibilidad\u201d, explic\u00f3 el alcalde.<\/p>\n<p>La planta clasificadora de residuos permitir\u00e1 incrementar la vida \u00fatil del relleno sanitario a unos 20 a\u00f1os. Tambi\u00e9n, reducir las emisiones de gases de efecto invernadero, mejorar la calidad del aire, suelo y agua en las \u00e1reas de cultivo circundantes. Adem\u00e1s, se producir\u00e1 material para realizar compostaje que \u201cservir\u00e1 que los agricultores de Samborond\u00f3n puedan fortalecer la calidad de sus suelos y cultivos no solo del arroz\u201d, afirm\u00f3 Y\u00fanez.<\/p>\n<p>Por su parte, Luis Rivas, gerente de Geocycle Ecuador, asegur\u00f3 que el dise\u00f1o de la planta clasificadora de desechos est\u00e1 realizado para solucionar parte de los problemas ambientales de Samborond\u00f3n y de las ciudades aleda\u00f1as.<\/p>\n<p>Samborond\u00f3n se posiciona con los est\u00e1ndares de sostenibilidad, cumpliendo con los Objetivos de Desarrollo Sostenible de la ONU, convirti\u00e9ndose en un referente en Am\u00e9rica Latina<\/p>\n","protected":false},"excerpt":{"rendered":"<p>Samborond\u00f3n.- El cant\u00f3n Samborond\u00f3n, provincia del Guayas, tendr\u00e1 la primera planta clasificadora de residuos de Ecuador y Sudam\u00e9rica. La obra es posible gracias a alianza del Municipio de Samborond\u00f3n y Geocycle, filial de Holcim. La construcci\u00f3n de la obra -en un \u00e1rea de 1.200 m2 donde es actualmente el relleno sanitario- inici\u00f3 este lunes 20 [&hellip;]<\/p>\n","protected":false},"author":2,"featured_media":7695,"comment_status":"open","ping_status":"closed","sticky":false,"template":"","format":"standard","meta":{"_jetpack_memberships_contains_paid_content":false,"footnotes":""},"categories":[13],"tags":[451],"class_list":["post-7694","post","type-post","status-publish","format-standard","has-post-thumbnail","hentry","category-noticias-nacionales","tag-alcaldia-samborondon"],"jetpack_featured_media_url":"https:\/\/radiocresatelital.com\/wp-content\/uploads\/2023\/11\/d2fb288d-7f64-4f12-aaf8-cc2470b77199.jpeg","jetpack_sharing_enabled":true,"_links":{"self":[{"href":"https:\/\/radiocresatelital.com\/index.php?rest_route=\/wp\/v2\/posts\/7694","targetHints":{"allow":["GET"]}}],"collection":[{"href":"https:\/\/radiocresatelital.com\/index.php?rest_route=\/wp\/v2\/posts"}],"about":[{"href":"https:\/\/radiocresatelital.com\/index.php?rest_route=\/wp\/v2\/types\/post"}],"author":[{"embeddable":true,"href":"https:\/\/radiocresatelital.com\/index.php?rest_route=\/wp\/v2\/users\/2"}],"replies":[{"embeddable":true,"href":"https:\/\/radiocresatelital.com\/index.php?rest_route=%2Fwp%2Fv2%2Fcomments&post=7694"}],"version-history":[{"count":1,"href":"https:\/\/radiocresatelital.com\/index.php?rest_route=\/wp\/v2\/posts\/7694\/revisions"}],"predecessor-version":[{"id":7696,"href":"https:\/\/radiocresatelital.com\/index.php?rest_route=\/wp\/v2\/posts\/7694\/revisions\/7696"}],"wp:featuredmedia":[{"embeddable":true,"href":"https:\/\/radiocresatelital.com\/index.php?rest_route=\/wp\/v2\/media\/7695"}],"wp:attachment":[{"href":"https:\/\/radiocresatelital.com\/index.php?rest_route=%2Fwp%2Fv2%2Fmedia&parent=7694"}],"wp:term":[{"taxonomy":"category","embeddable":true,"href":"https:\/\/radiocresatelital.com\/index.php?rest_route=%2Fwp%2Fv2%2Fcategories&post=7694"},{"taxonomy":"post_tag","embeddable":true,"href":"https:\/\/radiocresatelital.com\/index.php?rest_route=%2Fwp%2Fv2%2Ftags&post=7694"}],"curies":[{"name":"wp","href":"https:\/\/api.w.org\/{rel}","templated":true}]}}