{"id":7688,"date":"2023-11-21T20:17:04","date_gmt":"2023-11-21T20:17:04","guid":{"rendered":"https:\/\/radiocresatelital.com\/?p=7688"},"modified":"2023-11-21T20:17:21","modified_gmt":"2023-11-21T20:17:21","slug":"se-inauguraron-las-vii-jornadas-deportivas-de-hospital-teofilo-davila","status":"publish","type":"post","link":"https:\/\/radiocresatelital.com\/?p=7688","title":{"rendered":"Se inauguraron las VII jornadas deportivas de Hospital Te\u00f3filo D\u00e1vila"},"content":{"rendered":"<p>Machala.- El Hospital Te\u00f3filo D\u00e1vila realiz\u00f3 sus VII Jornadas Deportivas en el marco del \u201cPlan Act\u00edvate y Vive\u201d, programa del Ministerio de Salud P\u00fablica que busca incentivar el deporte y combatir el sedentarismo.<\/p>\n<p>De la jornada deportiva participa el personal m\u00e9dico, enfermer\u00eda, auxiliares, personal administrativo, limpieza y guardian\u00eda, entre otros funcionarios.<\/p>\n<p>Luego de una larga jornada se eligi\u00f3 como Se\u00f1orita Deportes 2023 a Cinthya Juliana Cuenca, quien represent\u00f3 al \u00e1rea administrativa. El ganador del Mejor slogan fue el equipo de Emergencia. El equipo de Ginecolog\u00eda y Neonatos fie designado como el mejor uniformado y el equipo de UCI gan\u00f3 el premio de mejor mascota.<\/p>\n<p>El artista Hugo Vega, deleit\u00f3 a los presentes con una serenata musical, dedicada a las participantes de este evento deportivo.<\/p>\n<p>El jurado calificador para elegir a la se\u00f1orita deportes estuvo integrado por: Santiago Salazar, cirujano pl\u00e1stico; Mar\u00eda del Carmen Lituma, responsable de la Sala de la Primera Acogida; Graciela Pacheco, responsable de Trabajo Social.<\/p>\n<p>El evento que se desarroll\u00f3 en las canchas de Gol Play concluy\u00f3 con encuentros deportivos, en una jornada de diversi\u00f3n y camarader\u00eda entre los funcionarios del Hospital Te\u00f3filo D\u00e1vila.<\/p>\n","protected":false},"excerpt":{"rendered":"<p>Machala.- El Hospital Te\u00f3filo D\u00e1vila realiz\u00f3 sus VII Jornadas Deportivas en el marco del \u201cPlan Act\u00edvate y Vive\u201d, programa del Ministerio de Salud P\u00fablica que busca incentivar el deporte y combatir el sedentarismo. De la jornada deportiva participa el personal m\u00e9dico, enfermer\u00eda, auxiliares, personal administrativo, limpieza y guardian\u00eda, entre otros funcionarios. Luego de una larga [&hellip;]<\/p>\n","protected":false},"author":2,"featured_media":7689,"comment_status":"open","ping_status":"closed","sticky":false,"template":"","format":"standard","meta":{"_jetpack_memberships_contains_paid_content":false,"footnotes":""},"categories":[13],"tags":[448],"class_list":["post-7688","post","type-post","status-publish","format-standard","has-post-thumbnail","hentry","category-noticias-nacionales","tag-hospital-teofilo-davila"],"jetpack_featured_media_url":"https:\/\/radiocresatelital.com\/wp-content\/uploads\/2023\/11\/4978b3ff-290d-4e55-a06d-6b1b0ccc403c.jpeg","jetpack_sharing_enabled":true,"_links":{"self":[{"href":"https:\/\/radiocresatelital.com\/index.php?rest_route=\/wp\/v2\/posts\/7688","targetHints":{"allow":["GET"]}}],"collection":[{"href":"https:\/\/radiocresatelital.com\/index.php?rest_route=\/wp\/v2\/posts"}],"about":[{"href":"https:\/\/radiocresatelital.com\/index.php?rest_route=\/wp\/v2\/types\/post"}],"author":[{"embeddable":true,"href":"https:\/\/radiocresatelital.com\/index.php?rest_route=\/wp\/v2\/users\/2"}],"replies":[{"embeddable":true,"href":"https:\/\/radiocresatelital.com\/index.php?rest_route=%2Fwp%2Fv2%2Fcomments&post=7688"}],"version-history":[{"count":1,"href":"https:\/\/radiocresatelital.com\/index.php?rest_route=\/wp\/v2\/posts\/7688\/revisions"}],"predecessor-version":[{"id":7690,"href":"https:\/\/radiocresatelital.com\/index.php?rest_route=\/wp\/v2\/posts\/7688\/revisions\/7690"}],"wp:featuredmedia":[{"embeddable":true,"href":"https:\/\/radiocresatelital.com\/index.php?rest_route=\/wp\/v2\/media\/7689"}],"wp:attachment":[{"href":"https:\/\/radiocresatelital.com\/index.php?rest_route=%2Fwp%2Fv2%2Fmedia&parent=7688"}],"wp:term":[{"taxonomy":"category","embeddable":true,"href":"https:\/\/radiocresatelital.com\/index.php?rest_route=%2Fwp%2Fv2%2Fcategories&post=7688"},{"taxonomy":"post_tag","embeddable":true,"href":"https:\/\/radiocresatelital.com\/index.php?rest_route=%2Fwp%2Fv2%2Ftags&post=7688"}],"curies":[{"name":"wp","href":"https:\/\/api.w.org\/{rel}","templated":true}]}}