{"id":7663,"date":"2023-11-21T16:07:18","date_gmt":"2023-11-21T16:07:18","guid":{"rendered":"https:\/\/radiocresatelital.com\/?p=7663"},"modified":"2023-11-21T20:08:41","modified_gmt":"2023-11-21T20:08:41","slug":"noboa-se-quedaria-sin-ministra-de-economia-antes-de-empezar","status":"publish","type":"post","link":"https:\/\/radiocresatelital.com\/?p=7663","title":{"rendered":"Noboa se queda sin ministra de econom\u00eda antes de empezar"},"content":{"rendered":"<p>Quito.- Pese a que el nombre de Sariha Moya, como ministra de econom\u00eda fue uno de los primeros que anunci\u00f3 el presidente electo Daniel Noboa como parte de su gabinete, las diferencias propias del cargo que deb\u00eda ejercer desde el d\u00eda jueves 23 de noviembre, no han sido superadas y por lo tanto, antes de empezar, esta fuera del equipo del futuro mandatario.<\/p>\n<p>El desacuerdo surgi\u00f3 por la reforma tributaria. Moya estuvo con Noboa en Washington cuando se reuni\u00f3 con bancos de inversi\u00f3n y tambi\u00e9n se con el actual ministro de econom\u00eda, Pablo Arosemena, recibiendo las cifras de la administraci\u00f3n actua<\/p>\n<p>&nbsp;<\/p>\n","protected":false},"excerpt":{"rendered":"<p>Quito.- Pese a que el nombre de Sariha Moya, como ministra de econom\u00eda fue uno de los primeros que anunci\u00f3 el presidente electo Daniel Noboa como parte de su gabinete, las diferencias propias del cargo que deb\u00eda ejercer desde el d\u00eda jueves 23 de noviembre, no han sido superadas y por lo tanto, antes de [&hellip;]<\/p>\n","protected":false},"author":3,"featured_media":7687,"comment_status":"open","ping_status":"closed","sticky":false,"template":"","format":"standard","meta":{"_jetpack_memberships_contains_paid_content":false,"footnotes":""},"categories":[13],"tags":[1186],"class_list":["post-7663","post","type-post","status-publish","format-standard","has-post-thumbnail","hentry","category-noticias-nacionales","tag-sariha-moya"],"jetpack_featured_media_url":"https:\/\/radiocresatelital.com\/wp-content\/uploads\/2023\/11\/SARIHA-MOYA.jpg","jetpack_sharing_enabled":true,"_links":{"self":[{"href":"https:\/\/radiocresatelital.com\/index.php?rest_route=\/wp\/v2\/posts\/7663","targetHints":{"allow":["GET"]}}],"collection":[{"href":"https:\/\/radiocresatelital.com\/index.php?rest_route=\/wp\/v2\/posts"}],"about":[{"href":"https:\/\/radiocresatelital.com\/index.php?rest_route=\/wp\/v2\/types\/post"}],"author":[{"embeddable":true,"href":"https:\/\/radiocresatelital.com\/index.php?rest_route=\/wp\/v2\/users\/3"}],"replies":[{"embeddable":true,"href":"https:\/\/radiocresatelital.com\/index.php?rest_route=%2Fwp%2Fv2%2Fcomments&post=7663"}],"version-history":[{"count":2,"href":"https:\/\/radiocresatelital.com\/index.php?rest_route=\/wp\/v2\/posts\/7663\/revisions"}],"predecessor-version":[{"id":7669,"href":"https:\/\/radiocresatelital.com\/index.php?rest_route=\/wp\/v2\/posts\/7663\/revisions\/7669"}],"wp:featuredmedia":[{"embeddable":true,"href":"https:\/\/radiocresatelital.com\/index.php?rest_route=\/wp\/v2\/media\/7687"}],"wp:attachment":[{"href":"https:\/\/radiocresatelital.com\/index.php?rest_route=%2Fwp%2Fv2%2Fmedia&parent=7663"}],"wp:term":[{"taxonomy":"category","embeddable":true,"href":"https:\/\/radiocresatelital.com\/index.php?rest_route=%2Fwp%2Fv2%2Fcategories&post=7663"},{"taxonomy":"post_tag","embeddable":true,"href":"https:\/\/radiocresatelital.com\/index.php?rest_route=%2Fwp%2Fv2%2Ftags&post=7663"}],"curies":[{"name":"wp","href":"https:\/\/api.w.org\/{rel}","templated":true}]}}