{"id":7622,"date":"2023-11-20T23:33:24","date_gmt":"2023-11-20T23:33:24","guid":{"rendered":"https:\/\/radiocresatelital.com\/?p=7622"},"modified":"2023-11-20T23:33:24","modified_gmt":"2023-11-20T23:33:24","slug":"gavi-sufrio-la-rotura-completa-del-ligamento-cruzado-anterior-de-su-rodilla-derecha","status":"publish","type":"post","link":"https:\/\/radiocresatelital.com\/?p=7622","title":{"rendered":"Gavi sufri\u00f3 la rotura completa del ligamento cruzado anterior de su rodilla derecha"},"content":{"rendered":"<p>Madrid.- El volante del FC Barcelona, Gavi, con 19 a\u00f1os de edad puede perderse la Eurocopa 2024, ya que tiene una lesi\u00f3n grave de rodilla que sufri\u00f3 durante la victoria por 3-1 de su selecci\u00f3n ante Georgia por la d\u00e9cima fecha del Grupo A de las Eliminatorias al torneo continental.<\/p>\n<p>Barcelona anunci\u00f3 que Gavi sufri\u00f3 la rotura \u00abcompleta\u00bb del ligamento cruzado anterior de su rodilla derecha durante el partido que Espa\u00f1a le gan\u00f3 en la v\u00edspera a Georgia para quedar al tope del Grupo A de las Eliminatorias a la Eurocopa del a\u00f1o pr\u00f3ximo.<\/p>\n<p>El comunicado del club catal\u00e1n agrega que Gavi tambi\u00e9n sufri\u00f3 \u00abuna lesi\u00f3n asociada al menisco externo\u00bb de la rodilla derecha, pero no precisa el tiempo de recuperaci\u00f3n que precisar\u00e1 el futbolista.<\/p>\n<p>La prensa espa\u00f1ola public\u00f3 que Gavi, que jug\u00f3 23 partidos en la temporada, ser\u00e1 operado en las pr\u00f3ximas horas y precisar\u00e1 al menos seis meses para recuperarse, motivo por el cual, alertan los reportes, corre riesgo su presencia en la Eurocopa prevista en Alemania<\/p>\n","protected":false},"excerpt":{"rendered":"<p>Madrid.- El volante del FC Barcelona, Gavi, con 19 a\u00f1os de edad puede perderse la Eurocopa 2024, ya que tiene una lesi\u00f3n grave de rodilla que sufri\u00f3 durante la victoria por 3-1 de su selecci\u00f3n ante Georgia por la d\u00e9cima fecha del Grupo A de las Eliminatorias al torneo continental. Barcelona anunci\u00f3 que Gavi sufri\u00f3 [&hellip;]<\/p>\n","protected":false},"author":2,"featured_media":7623,"comment_status":"open","ping_status":"closed","sticky":false,"template":"","format":"standard","meta":{"_jetpack_memberships_contains_paid_content":false,"footnotes":""},"categories":[7],"tags":[424,1290],"class_list":["post-7622","post","type-post","status-publish","format-standard","has-post-thumbnail","hentry","category-futbol-internacional","tag-fc-barcelona","tag-gavi"],"jetpack_featured_media_url":"https:\/\/radiocresatelital.com\/wp-content\/uploads\/2023\/11\/0d0fd5cc13584c16bb4055e52fd35934.jpg","jetpack_sharing_enabled":true,"_links":{"self":[{"href":"https:\/\/radiocresatelital.com\/index.php?rest_route=\/wp\/v2\/posts\/7622","targetHints":{"allow":["GET"]}}],"collection":[{"href":"https:\/\/radiocresatelital.com\/index.php?rest_route=\/wp\/v2\/posts"}],"about":[{"href":"https:\/\/radiocresatelital.com\/index.php?rest_route=\/wp\/v2\/types\/post"}],"author":[{"embeddable":true,"href":"https:\/\/radiocresatelital.com\/index.php?rest_route=\/wp\/v2\/users\/2"}],"replies":[{"embeddable":true,"href":"https:\/\/radiocresatelital.com\/index.php?rest_route=%2Fwp%2Fv2%2Fcomments&post=7622"}],"version-history":[{"count":1,"href":"https:\/\/radiocresatelital.com\/index.php?rest_route=\/wp\/v2\/posts\/7622\/revisions"}],"predecessor-version":[{"id":7624,"href":"https:\/\/radiocresatelital.com\/index.php?rest_route=\/wp\/v2\/posts\/7622\/revisions\/7624"}],"wp:featuredmedia":[{"embeddable":true,"href":"https:\/\/radiocresatelital.com\/index.php?rest_route=\/wp\/v2\/media\/7623"}],"wp:attachment":[{"href":"https:\/\/radiocresatelital.com\/index.php?rest_route=%2Fwp%2Fv2%2Fmedia&parent=7622"}],"wp:term":[{"taxonomy":"category","embeddable":true,"href":"https:\/\/radiocresatelital.com\/index.php?rest_route=%2Fwp%2Fv2%2Fcategories&post=7622"},{"taxonomy":"post_tag","embeddable":true,"href":"https:\/\/radiocresatelital.com\/index.php?rest_route=%2Fwp%2Fv2%2Ftags&post=7622"}],"curies":[{"name":"wp","href":"https:\/\/api.w.org\/{rel}","templated":true}]}}