{"id":7550,"date":"2023-11-19T01:42:39","date_gmt":"2023-11-19T01:42:39","guid":{"rendered":"https:\/\/radiocresatelital.com\/?p=7550"},"modified":"2023-11-19T01:42:39","modified_gmt":"2023-11-19T01:42:39","slug":"paises-bajos-rumania-suiza-y-francia-logran-su-clasificacion-a-la-eurocopa-2024","status":"publish","type":"post","link":"https:\/\/radiocresatelital.com\/?p=7550","title":{"rendered":"Pa\u00edses Bajos, Rumania, Suiza y Francia logran su clasificaci\u00f3n a la Eurocopa 2024"},"content":{"rendered":"<p>Roma.- Las selecciones de Pa\u00edses Bajos, Rumania y Suiza han sacado su pasaje para la Eurocopa de Alemania 2024, donde el combinado de Francia ten\u00eda asegurada su clasificaci\u00f3n, donde conquist\u00f3 un triunfo abultado cuando aplast\u00f3 a Gibraltar por marcador de 14-0.<\/p>\n<p>Los \u00abBlues\u00bb, campeones del mundo en 1998 y en 2018 y actuales subcampeones mundiales, nunca antes hab\u00edan obtenido un triunfo por semejante diferencia y superaron incluso el r\u00e9cord que ostentaban desde 1995, cuando golearon por 10-0 a Azerbaiy\u00e1n.<\/p>\n<p>Hoy, el combinado entrenado por Didier Deschamps se flore\u00f3 en Niza y, de paso se asegur\u00f3 el primer puesto en el Grupo B, que lideran con 21 puntos y seis de ventaja sobre Pa\u00edses Bajos.<\/p>\n<p>Lo que m\u00e1s llama la atenci\u00f3n al ver la tabla de posiciones es la diferencia de gol, obviamente, pues convirti\u00f3 27, sumados los 14 que celebr\u00f3 hoy, y recibi\u00f3 apenas uno en estas eliminatorias.<\/p>\n<p>Como no pod\u00eda ser de otra manera, el capit\u00e1n del seleccionado nacional, Kylian Mbapp\u00e9, se despach\u00f3 con un triplete ante Gibraltar, rival al que Francia hab\u00eda superado por un m\u00e1s modesto marcador de 3-0 como visitante cuando chocaron por primera vez.<\/p>\n<p>El delantero del Par\u00eds Saint-Germain convirti\u00f3 a los 30&#8242; de penal, a los 74&#8242; y a los 82&#8242;, siendo de Ethan Santos en contra de su valla el primero del partido a los 3&#8242;, un cuarto de hora antes de irse a las duchas expulsado.<\/p>\n<p>Marcus Thuram, delantero de Inter, marc\u00f3 el segundo a los 4&#8242;, el debutante Warren Zaire-Emery, jugador del PSG, celebr\u00f3 el tercero a los 16&#8242;, se convirti\u00f3 en el jugador m\u00e1s joven en convertir un tanto en un partido oficial de Francia con 17 a\u00f1os, ocho meses meses y diez d\u00edas y en la misma jugada provoc\u00f3 la expulsi\u00f3n de Santos por una falta que lo sac\u00f3 de la cancha tambi\u00e9n a \u00e9l.<\/p>\n<p>Zaire-Emery fue titular por la lesi\u00f3n que margin\u00f3 de este partido a Eduardo Camavinga, mediocampista del Real Madrid que al que super\u00f3 pues hab\u00eda convertido su primer gol con la selecci\u00f3n mayor a la edad de 17 a\u00f1os y 303 d\u00edas.<\/p>\n<p>Luego llegar\u00edan los tantos de Jonathan Clauss, del Olympique de Marsella, a los 34&#8242;, el doblete de Kingsley Coman, delantero del Bayern Munich, a los 36 y 65&#8242;, el gol de Youssouf Fofana, del M\u00f3naco, a los 37&#8242;, el de Adrien Rabiot, de Juventus a los 63&#8242; y el de Ousmane Dembel\u00e9, del PSG, a los 73&#8242;.<\/p>\n<p>A continuaci\u00f3n Mbapp\u00e9 volvi\u00f3 a decir presente en la red por duplicado y Olivier Giroud, artillero del Milan, no quiso ser menos y se despach\u00f3 tambi\u00e9n con dos a los 89 y 91&#8242;.<br \/>\nUn triunfo que, como suele decirse, no admite discusi\u00f3n y le permiti\u00f3 no s\u00f3lo a Zaire-Emery celebrar su primer gol en el estreno con la casaca de Francia, sino tambi\u00e9n festejar por primera vez a Clauss y a Fofana, como para que todos se vayan contentos a casa.<\/p>\n<p>En el mismo grupo, Pa\u00edses Bajos asegur\u00f3 su pasaje con un mucho m\u00e1s ajustado triunfo por 1-0 sobre Irlanda en Amsterdam, gracias a un gol Wout Weghorst, delantero del alem\u00e1n Hoffenheim, a los 12&#8242; que le asegur\u00f3 a los dirigidos por Ronald Koeman el segundo puesto antes de enfrentar a Gibraltar en la \u00faltima fecha.<\/p>\n<p>Una jornada a la que llega con 15 unidades y tres de ventaja sobre Grecia, que recibir\u00e1 a Francia en el cierre de la fase de grupos y que a\u00fan cuando la alcance qued\u00f3 condenada porque cay\u00f3 por 3-0 cuando visit\u00f3 a la selecci\u00f3n \u00abnaranja\u00bb, que de ese modo se asegur\u00f3 la ventaja deportiva en caso de igualdad de puntos.<\/p>\n<p>En el Grupo I sac\u00f3 pasaje Rumania gracias al triunfo por 2-1 obtenido frente a Israel, que tambi\u00e9n le asegur\u00f3 la clasificaci\u00f3n a Suiza, que igual\u00f3 en uno frente a Kosovo en Basilea y con 17 puntos qued\u00f3 a dos de distancia del l\u00edder, con el que chocar\u00e1 mano a mano en la \u00faltima fecha con ambos ya instalados en la Eurocopa.<\/p>\n<p>Rumania no la tuvo f\u00e1cil pues a los 2&#8242; ca\u00eda con un gol de Eran Zahavi, del Maccabi Tel Aviv, aunque logr\u00f3 recuperarse r\u00e1pidamente y lleg\u00f3 al empate con uno de George Puscas, delantero del Genoa, y lo dio vuelta con otro de Ianis Hagi, jugador del Alav\u00e9s.<\/p>\n<p>Valentin Mihaila, que milita en la Serie B de Italia con Parma, fue expulsado y dej\u00f3 con diez a los 85&#8242; al seleccionado rumano, que logr\u00f3 una victoria fundamental que le asegur\u00f3 la clasificaci\u00f3n junto con la de Suiza.<\/p>\n<p>Sin chances qued\u00f3 Israel, que con 12 puntos se despedir\u00e1 el martes visitando a la colista Andorra en un torneo que disput\u00f3 al no haber sido sancionada pese a la masacre en Gaza, a diferencia de lo que s\u00ed sucedi\u00f3 con Rusia, cuyas selecciones fueron marginadas de todas las competencias internacionales tras la invasi\u00f3n armada en Ucrania.<\/p>\n<p>A un paso de lograr el pasaje qued\u00f3 Croacia, tercera en el Mundial de Qatar 2022, que se impuso por 2-0 ante Letonia y suma 13 puntos en el Grupo D, a tres de distancia de la ya clasificada Turqu\u00eda, entrenada por el italiano Vincenzo Montella que hoy disput\u00f3 un amistoso con Alemania porque tuvo fecha libre y la derrot\u00f3 por 3-2.<\/p>\n<p>El combinado balc\u00e1nico sentenci\u00f3 el partido en Riga en apenas nueve minutos, los que pasaron desde que Lovro Majer, volante del Wolfsburgo, abri\u00f3 la cuenta a los 7&#8242; y Andrej Kramaric, delantero del tambi\u00e9n alem\u00e1n Hoffenheim, la cerr\u00f3 a los 16&#8242;.<\/p>\n<p>Luka Modric, figura del Real Madrid y ganador del Bal\u00f3n de Oro en 2018, dej\u00f3 la cancha a los 86&#8242; de juego en el combinado visitante, que se vio favorecido por el empate en un gol entre Gales (11 puntos) y Armenia (8), a la que Croacia recibir\u00e1 en la \u00faltima fecha con la posibilidad de avanzar con un empate si el combinado brit\u00e1nico no superase a Turqu\u00eda.<\/p>\n<p>La fecha de las eliminatorias se cerrar\u00e1 el domingo con los duelos Espa\u00f1a-Georgia y Escocia-Noruega (Grupo A), B\u00e9lgica-Azerbaiy\u00e1n y Suecia-Estonia (Grupo F) y Hungr\u00eda-Montenegro y Serbia-Bulgaria (Grupo G).<\/p>\n","protected":false},"excerpt":{"rendered":"<p>Roma.- Las selecciones de Pa\u00edses Bajos, Rumania y Suiza han sacado su pasaje para la Eurocopa de Alemania 2024, donde el combinado de Francia ten\u00eda asegurada su clasificaci\u00f3n, donde conquist\u00f3 un triunfo abultado cuando aplast\u00f3 a Gibraltar por marcador de 14-0. Los \u00abBlues\u00bb, campeones del mundo en 1998 y en 2018 y actuales subcampeones mundiales, [&hellip;]<\/p>\n","protected":false},"author":2,"featured_media":7551,"comment_status":"open","ping_status":"closed","sticky":false,"template":"","format":"standard","meta":{"_jetpack_memberships_contains_paid_content":false,"footnotes":""},"categories":[1049,7],"tags":[18],"class_list":["post-7550","post","type-post","status-publish","format-standard","has-post-thumbnail","hentry","category-eurocopa-2024","category-futbol-internacional","tag-eurocopa-2024"],"jetpack_featured_media_url":"https:\/\/radiocresatelital.com\/wp-content\/uploads\/2023\/11\/BalonEurocopa2024.jpg.webp","jetpack_sharing_enabled":true,"_links":{"self":[{"href":"https:\/\/radiocresatelital.com\/index.php?rest_route=\/wp\/v2\/posts\/7550","targetHints":{"allow":["GET"]}}],"collection":[{"href":"https:\/\/radiocresatelital.com\/index.php?rest_route=\/wp\/v2\/posts"}],"about":[{"href":"https:\/\/radiocresatelital.com\/index.php?rest_route=\/wp\/v2\/types\/post"}],"author":[{"embeddable":true,"href":"https:\/\/radiocresatelital.com\/index.php?rest_route=\/wp\/v2\/users\/2"}],"replies":[{"embeddable":true,"href":"https:\/\/radiocresatelital.com\/index.php?rest_route=%2Fwp%2Fv2%2Fcomments&post=7550"}],"version-history":[{"count":1,"href":"https:\/\/radiocresatelital.com\/index.php?rest_route=\/wp\/v2\/posts\/7550\/revisions"}],"predecessor-version":[{"id":7552,"href":"https:\/\/radiocresatelital.com\/index.php?rest_route=\/wp\/v2\/posts\/7550\/revisions\/7552"}],"wp:featuredmedia":[{"embeddable":true,"href":"https:\/\/radiocresatelital.com\/index.php?rest_route=\/wp\/v2\/media\/7551"}],"wp:attachment":[{"href":"https:\/\/radiocresatelital.com\/index.php?rest_route=%2Fwp%2Fv2%2Fmedia&parent=7550"}],"wp:term":[{"taxonomy":"category","embeddable":true,"href":"https:\/\/radiocresatelital.com\/index.php?rest_route=%2Fwp%2Fv2%2Fcategories&post=7550"},{"taxonomy":"post_tag","embeddable":true,"href":"https:\/\/radiocresatelital.com\/index.php?rest_route=%2Fwp%2Fv2%2Ftags&post=7550"}],"curies":[{"name":"wp","href":"https:\/\/api.w.org\/{rel}","templated":true}]}}