{"id":7389,"date":"2023-11-16T17:43:47","date_gmt":"2023-11-16T17:43:47","guid":{"rendered":"https:\/\/radiocresatelital.com\/?p=7389"},"modified":"2023-11-16T17:43:47","modified_gmt":"2023-11-16T17:43:47","slug":"se-amplia-el-plazo-para-las-matriculas-de-la-modalidad-a-distancia-virtual","status":"publish","type":"post","link":"https:\/\/radiocresatelital.com\/?p=7389","title":{"rendered":"Se ampl\u00eda el plazo para las matr\u00edculas de la Modalidad a Distancia Virtual"},"content":{"rendered":"<div class=\"row\">\n<section id=\"postcontent\" class=\"col-md-9 col-sm-6 line-right\">Quito.- Los j\u00f3venes, adultos y adultos mayores que, por circunstancias econ\u00f3micas, familiares y\/o sociales, no han concluido la B\u00e1sica Superior y el Bachillerato tendr\u00e1n hasta el 24 noviembre del presente a\u00f1o para matricularse en la Modalidad a Distancia Virtual. Iniciativa que tambi\u00e9n est\u00e1 dirigida a Personas Sordas con escolaridad inconclusa.<\/p>\n<p>Los aspirantes residentes en el territorio ecuatoriano deben acudir al Distrito Educativo m\u00e1s cercano, portando los documentos solicitados como requisitos para acceder al proceso de matr\u00edcula, mientras que los ecuatorianos residentes en el exterior (Estados Unidos, Chile, Espa\u00f1a, Italia, Reino Unido, B\u00e9lgica y Hungr\u00eda), deben realizar su matr\u00edcula en l\u00ednea mediante la siguiente p\u00e1gina:\u00a0<a href=\"https:\/\/adistancia.educacion.gob.ec\/\">https:\/\/adistancia.educacion.gob.ec\u00a0 <\/a>opci\u00f3n Matr\u00edcula, formulario matr\u00edcula exterior.<\/p>\n<p>Los requisitos para los aspirantes ecuatorianos o extranjeros residentes en el territorio nacional son: documento de identificaci\u00f3n (pasaporte o carnet de refugiado), tener 15 o m\u00e1s a\u00f1os para Educaci\u00f3n General B\u00e1sica Superior y tener 18 o m\u00e1s a\u00f1os para Bachillerato, datos de contacto (n\u00famero telef\u00f3nico y correo electr\u00f3nico personal activo), planilla de luz y expediente acad\u00e9mico (certificados de promoci\u00f3n original) de los grados y cursos aprobados \u2013 legalizados, o resoluci\u00f3n del examen de ubicaci\u00f3n.<\/p>\n<p>Los requisitos para los ecuatorianos que viven en los pa\u00edses antes mencionados son: documento de identificaci\u00f3n, tener 15 o m\u00e1s a\u00f1os para Educaci\u00f3n General B\u00e1sica Superior, tener 18 o m\u00e1s a\u00f1os para Bachillerato, datos de contacto (n\u00famero telef\u00f3nico y correo electr\u00f3nico personal activo) y rendir el examen de ubicaci\u00f3n a fin de acreditar sus conocimientos.<\/p>\n<p>El proceso de formaci\u00f3n proped\u00e9utica ser\u00e1 del 18 al 29 de diciembre de 2023; y, la formaci\u00f3n acad\u00e9mica, del 15 de enero al 5 de mayo de 2024.<\/p>\n<p>El programa es totalmente gratuito y tiene una duraci\u00f3n de cinco meses por cada grado o curso, m\u00e1s dos semanas de formaci\u00f3n proped\u00e9utica. El horario de estudio es totalmente flexible, puesto que la mayor\u00eda de las actividades de aprendizaje son asincr\u00f3nicas.<\/p>\n<p>Los textos de estudio y los materiales educativos son virtuales, y estar\u00e1n a disposici\u00f3n de todos los estudiantes de esta modalidad a trav\u00e9s del aula virtual.<\/p>\n<\/section>\n<\/div>\n","protected":false},"excerpt":{"rendered":"<p>Quito.- Los j\u00f3venes, adultos y adultos mayores que, por circunstancias econ\u00f3micas, familiares y\/o sociales, no han concluido la B\u00e1sica Superior y el Bachillerato tendr\u00e1n hasta el 24 noviembre del presente a\u00f1o para matricularse en la Modalidad a Distancia Virtual. Iniciativa que tambi\u00e9n est\u00e1 dirigida a Personas Sordas con escolaridad inconclusa. Los aspirantes residentes en el [&hellip;]<\/p>\n","protected":false},"author":2,"featured_media":7390,"comment_status":"open","ping_status":"closed","sticky":false,"template":"","format":"standard","meta":{"_jetpack_memberships_contains_paid_content":false,"footnotes":""},"categories":[13],"tags":[444],"class_list":["post-7389","post","type-post","status-publish","format-standard","has-post-thumbnail","hentry","category-noticias-nacionales","tag-ministerio-de-educacion"],"jetpack_featured_media_url":"https:\/\/radiocresatelital.com\/wp-content\/uploads\/2023\/11\/Zona-4-distancia-1.png","jetpack_sharing_enabled":true,"_links":{"self":[{"href":"https:\/\/radiocresatelital.com\/index.php?rest_route=\/wp\/v2\/posts\/7389","targetHints":{"allow":["GET"]}}],"collection":[{"href":"https:\/\/radiocresatelital.com\/index.php?rest_route=\/wp\/v2\/posts"}],"about":[{"href":"https:\/\/radiocresatelital.com\/index.php?rest_route=\/wp\/v2\/types\/post"}],"author":[{"embeddable":true,"href":"https:\/\/radiocresatelital.com\/index.php?rest_route=\/wp\/v2\/users\/2"}],"replies":[{"embeddable":true,"href":"https:\/\/radiocresatelital.com\/index.php?rest_route=%2Fwp%2Fv2%2Fcomments&post=7389"}],"version-history":[{"count":1,"href":"https:\/\/radiocresatelital.com\/index.php?rest_route=\/wp\/v2\/posts\/7389\/revisions"}],"predecessor-version":[{"id":7391,"href":"https:\/\/radiocresatelital.com\/index.php?rest_route=\/wp\/v2\/posts\/7389\/revisions\/7391"}],"wp:featuredmedia":[{"embeddable":true,"href":"https:\/\/radiocresatelital.com\/index.php?rest_route=\/wp\/v2\/media\/7390"}],"wp:attachment":[{"href":"https:\/\/radiocresatelital.com\/index.php?rest_route=%2Fwp%2Fv2%2Fmedia&parent=7389"}],"wp:term":[{"taxonomy":"category","embeddable":true,"href":"https:\/\/radiocresatelital.com\/index.php?rest_route=%2Fwp%2Fv2%2Fcategories&post=7389"},{"taxonomy":"post_tag","embeddable":true,"href":"https:\/\/radiocresatelital.com\/index.php?rest_route=%2Fwp%2Fv2%2Ftags&post=7389"}],"curies":[{"name":"wp","href":"https:\/\/api.w.org\/{rel}","templated":true}]}}