{"id":7385,"date":"2023-11-16T17:28:46","date_gmt":"2023-11-16T17:28:46","guid":{"rendered":"https:\/\/radiocresatelital.com\/?p=7385"},"modified":"2023-11-16T17:28:46","modified_gmt":"2023-11-16T17:28:46","slug":"registro-civil-participo-en-congreso-martcity-cuenca-2023","status":"publish","type":"post","link":"https:\/\/radiocresatelital.com\/?p=7385","title":{"rendered":"Registro Civil particip\u00f3 en Congreso MartCity Cuenca 2023"},"content":{"rendered":"<p>Cuenca.- El Registro Civil del Ecuador particip\u00f3 en el Congreso Internacional Smartcity, que tuvo lugar en la ciudad de Cuenca, el 14 y 15 de noviembre. L\u00edderes de opini\u00f3n, autoridades del sector p\u00fablico, empresas privadas y expertos de todo el mundo en diferentes sectores que desarrollan o venden tecnolog\u00edas se reunieron para compartir ideas sobre c\u00f3mo hacer las ciudades m\u00e1s sostenibles, sustentables y habitables.<\/p>\n<p>En este contexto, el subdirector del Registro Civil, Enrique Delgado Otero, expuso sobre \u201cLa transformaci\u00f3n digital en la obtenci\u00f3n de documentos de identidad mediante la aplicaci\u00f3n de identidad digital\u201d.<\/p>\n<p>\u201cLa transformaci\u00f3n digital en la DIGERCIC se viene implementando hace alg\u00fan tiempo, principalmente en acciones como la c\u00e9dula digital. De igual forma, se est\u00e1 trabajando en el uso de t\u00f3tems para la obtenci\u00f3n de certificados y actas, as\u00ed como en el desarrollo de nuevos servicios. Esto mejora, moderniza y vuelve eficiente la labor del Registro Civil a la ciudadan\u00eda\u201d, asegur\u00f3 Enrique Delgado.<\/p>\n<p>La instituci\u00f3n entreg\u00f3 informaci\u00f3n a los asistentes, sobre la transformaci\u00f3n digital en la que trabaja el Registro Civil con el fin de entregar servicios \u00e1giles, oportunos y cercanos.<\/p>\n<p>Con estas acciones, el Registro Civil del Ecuador ratifica su misi\u00f3n de acercar sus servicios a los ciudadanos y garantizar su derecho a la identidad.<\/p>\n","protected":false},"excerpt":{"rendered":"<p>Cuenca.- El Registro Civil del Ecuador particip\u00f3 en el Congreso Internacional Smartcity, que tuvo lugar en la ciudad de Cuenca, el 14 y 15 de noviembre. L\u00edderes de opini\u00f3n, autoridades del sector p\u00fablico, empresas privadas y expertos de todo el mundo en diferentes sectores que desarrollan o venden tecnolog\u00edas se reunieron para compartir ideas sobre [&hellip;]<\/p>\n","protected":false},"author":2,"featured_media":7386,"comment_status":"open","ping_status":"closed","sticky":false,"template":"","format":"standard","meta":{"_jetpack_memberships_contains_paid_content":false,"footnotes":""},"categories":[13],"tags":[171],"class_list":["post-7385","post","type-post","status-publish","format-standard","has-post-thumbnail","hentry","category-noticias-nacionales","tag-registro-civil-ecuador"],"jetpack_featured_media_url":"https:\/\/radiocresatelital.com\/wp-content\/uploads\/2023\/11\/30bdf842-3d57-452f-9b06-17efd5ebe2d1.jpg","jetpack_sharing_enabled":true,"_links":{"self":[{"href":"https:\/\/radiocresatelital.com\/index.php?rest_route=\/wp\/v2\/posts\/7385","targetHints":{"allow":["GET"]}}],"collection":[{"href":"https:\/\/radiocresatelital.com\/index.php?rest_route=\/wp\/v2\/posts"}],"about":[{"href":"https:\/\/radiocresatelital.com\/index.php?rest_route=\/wp\/v2\/types\/post"}],"author":[{"embeddable":true,"href":"https:\/\/radiocresatelital.com\/index.php?rest_route=\/wp\/v2\/users\/2"}],"replies":[{"embeddable":true,"href":"https:\/\/radiocresatelital.com\/index.php?rest_route=%2Fwp%2Fv2%2Fcomments&post=7385"}],"version-history":[{"count":1,"href":"https:\/\/radiocresatelital.com\/index.php?rest_route=\/wp\/v2\/posts\/7385\/revisions"}],"predecessor-version":[{"id":7387,"href":"https:\/\/radiocresatelital.com\/index.php?rest_route=\/wp\/v2\/posts\/7385\/revisions\/7387"}],"wp:featuredmedia":[{"embeddable":true,"href":"https:\/\/radiocresatelital.com\/index.php?rest_route=\/wp\/v2\/media\/7386"}],"wp:attachment":[{"href":"https:\/\/radiocresatelital.com\/index.php?rest_route=%2Fwp%2Fv2%2Fmedia&parent=7385"}],"wp:term":[{"taxonomy":"category","embeddable":true,"href":"https:\/\/radiocresatelital.com\/index.php?rest_route=%2Fwp%2Fv2%2Fcategories&post=7385"},{"taxonomy":"post_tag","embeddable":true,"href":"https:\/\/radiocresatelital.com\/index.php?rest_route=%2Fwp%2Fv2%2Ftags&post=7385"}],"curies":[{"name":"wp","href":"https:\/\/api.w.org\/{rel}","templated":true}]}}