{"id":7379,"date":"2023-11-16T03:36:49","date_gmt":"2023-11-16T03:36:49","guid":{"rendered":"https:\/\/radiocresatelital.com\/?p=7379"},"modified":"2023-11-16T03:38:20","modified_gmt":"2023-11-16T03:38:20","slug":"vicealcaldesa-blanca-lopez-lidera-agenda-para-conmemorar-la-masacre-de-los-obreros-y-el-dia-internacional-para-la-eliminacion-de-la-violencia-contra-la-mujer","status":"publish","type":"post","link":"https:\/\/radiocresatelital.com\/?p=7379","title":{"rendered":"Vicealcaldesa Blanca L\u00f3pez lidera agenda para conmemorar la Masacre de los Obreros y el D\u00eda Internacional para la Eliminaci\u00f3n de la Violencia contra la Mujer"},"content":{"rendered":"<p>Guayaquil.- En rueda de prensa liderada por la vicealcaldesa Blanca L\u00f3pez, el Municipio de Guayaquil present\u00f3 una agenda de eventos culturales, con el prop\u00f3sito de recordar fechas transcendentales para Ecuador y el mundo. En la iniciativa participan la Empresa Municipal de Turismo y Cultura, la Direcci\u00f3n de la Mujer y la Unidad de Patrimonio.<\/p>\n<p>La primera fecha en recordar es la masacre de los obreros que se produjo el 15 de noviembre de 1922. Aquel d\u00eda los trabajadores guayaquile\u00f1os exig\u00edan mejores condiciones laborales, pero la manifestaci\u00f3n fue reprimida por el ej\u00e9rcito en un episodio que el escritor Joaqu\u00edn Gallegos Lara recoge en su libro \u201cLas cruces sobre el agua\u201d.<\/p>\n<p>La otra fecha que se conmemorar\u00e1 es el 25 de noviembre, D\u00eda Internacional de la Eliminaci\u00f3n de la Violencia contra la Mujer.<\/p>\n<p>Es por ello que la Alcald\u00eda de Guayaquil presenta una serie de actividades, conferencias y premiaciones. Una de ellas es el ciclo de charlas sobre experiencias y relatos de mujeres reconocidas por su trayectoria en diferentes \u00e1mbitos como el derecho, deporte, periodismo y la pol\u00edtica.<\/p>\n<p>Los concejales de la ciudad tambi\u00e9n se unir\u00e1n a estas conmemoraciones que tambi\u00e9n tienen como objetivo avanzar en la reconstrucci\u00f3n del tejido social, a trav\u00e9s de la cultura.<\/p>\n<p>\u201cUno de los principales objetivos que tiene la agenda es trabajar en conjunto, para fortalecer una pol\u00edtica p\u00fablica integral de atenci\u00f3n a mujeres, desde la prevenci\u00f3n, atenci\u00f3n, protecci\u00f3n y reparaci\u00f3n para fortalecer la pol\u00edtica.<\/p>\n<p>Recordar la memoria del pueblo guayaquile\u00f1o es esencial para lo que se est\u00e1 trabajando el d\u00eda de hoy\u201d, indic\u00f3 L\u00f3pez. La agenda se inici\u00f3 este mi\u00e9rcoles una funci\u00f3n especial, a las 15h00 locales (20h00 GMT), en el Museo Municipal, sobre los eventos acaecidos en 1915. Mientras que el pr\u00f3ximo 18 de noviembre se realizar\u00e1 premiaci\u00f3n del festival intercolegial en Plaza Guayarte.<\/p>\n<p>Los d\u00edas 20, 21 y 22 de noviembre, desde las 9:00, se realizar\u00e1n conferencias para dar a conocer la importancia de los derechos de las mujeres y sobre todo la eliminaci\u00f3n de la violencia para toda la sociedad.<\/p>\n","protected":false},"excerpt":{"rendered":"<p>Guayaquil.- En rueda de prensa liderada por la vicealcaldesa Blanca L\u00f3pez, el Municipio de Guayaquil present\u00f3 una agenda de eventos culturales, con el prop\u00f3sito de recordar fechas transcendentales para Ecuador y el mundo. En la iniciativa participan la Empresa Municipal de Turismo y Cultura, la Direcci\u00f3n de la Mujer y la Unidad de Patrimonio. La [&hellip;]<\/p>\n","protected":false},"author":2,"featured_media":7380,"comment_status":"open","ping_status":"closed","sticky":false,"template":"","format":"standard","meta":{"_jetpack_memberships_contains_paid_content":false,"footnotes":""},"categories":[33,13],"tags":[114,1257],"class_list":["post-7379","post","type-post","status-publish","format-standard","has-post-thumbnail","hentry","category-guayaquil","category-noticias-nacionales","tag-municipio-de-guayaquil","tag-vicealcaldesa-blanca-lopez"],"jetpack_featured_media_url":"https:\/\/radiocresatelital.com\/wp-content\/uploads\/2023\/11\/vicealcaldesa-blanca-lopez-15.5.2023.jpg","jetpack_sharing_enabled":true,"_links":{"self":[{"href":"https:\/\/radiocresatelital.com\/index.php?rest_route=\/wp\/v2\/posts\/7379","targetHints":{"allow":["GET"]}}],"collection":[{"href":"https:\/\/radiocresatelital.com\/index.php?rest_route=\/wp\/v2\/posts"}],"about":[{"href":"https:\/\/radiocresatelital.com\/index.php?rest_route=\/wp\/v2\/types\/post"}],"author":[{"embeddable":true,"href":"https:\/\/radiocresatelital.com\/index.php?rest_route=\/wp\/v2\/users\/2"}],"replies":[{"embeddable":true,"href":"https:\/\/radiocresatelital.com\/index.php?rest_route=%2Fwp%2Fv2%2Fcomments&post=7379"}],"version-history":[{"count":1,"href":"https:\/\/radiocresatelital.com\/index.php?rest_route=\/wp\/v2\/posts\/7379\/revisions"}],"predecessor-version":[{"id":7381,"href":"https:\/\/radiocresatelital.com\/index.php?rest_route=\/wp\/v2\/posts\/7379\/revisions\/7381"}],"wp:featuredmedia":[{"embeddable":true,"href":"https:\/\/radiocresatelital.com\/index.php?rest_route=\/wp\/v2\/media\/7380"}],"wp:attachment":[{"href":"https:\/\/radiocresatelital.com\/index.php?rest_route=%2Fwp%2Fv2%2Fmedia&parent=7379"}],"wp:term":[{"taxonomy":"category","embeddable":true,"href":"https:\/\/radiocresatelital.com\/index.php?rest_route=%2Fwp%2Fv2%2Fcategories&post=7379"},{"taxonomy":"post_tag","embeddable":true,"href":"https:\/\/radiocresatelital.com\/index.php?rest_route=%2Fwp%2Fv2%2Ftags&post=7379"}],"curies":[{"name":"wp","href":"https:\/\/api.w.org\/{rel}","templated":true}]}}