{"id":7288,"date":"2023-11-14T18:26:47","date_gmt":"2023-11-14T18:26:47","guid":{"rendered":"https:\/\/radiocresatelital.com\/?p=7288"},"modified":"2023-11-14T18:26:47","modified_gmt":"2023-11-14T18:26:47","slug":"oferta-de-educacion-contextualizada-y-flexible-con-nuevo-modelo-educativo","status":"publish","type":"post","link":"https:\/\/radiocresatelital.com\/?p=7288","title":{"rendered":"Oferta de educaci\u00f3n contextualizada y flexible con Nuevo Modelo Educativo"},"content":{"rendered":"<p>Quito.- El Ministerio de Educaci\u00f3n, mediante <a href=\"https:\/\/educacion.gob.ec\/wp-content\/uploads\/downloads\/2023\/11\/MINEDUC-MINEDUC-2023-00074-A.pdf\" target=\"_blank\" rel=\"noopener\">Acuerdo MINEDUC-2023-00074-A<\/a>, con fecha 13 de noviembre expidi\u00f3 el Modelo Educativo Nacional que orienta la implementaci\u00f3n de los procesos de ense\u00f1anza y aprendizaje, con base en una oferta de educaci\u00f3n contextualizada y flexible, para la mejora de la calidad educativa.<\/p>\n<p>Este modelo servir\u00e1 de base para la toma de decisiones de las instituciones educativas, con la finalidad de promover la innovaci\u00f3n, la mejora continua y la autonom\u00eda de cada una de ellas, en respuesta a la realidad de su contexto.<\/p>\n<p>Adem\u00e1s, permitir\u00e1 articular todos los componentes pedag\u00f3gicos, tales como lineamientos curriculares, formaci\u00f3n permanente del personal educativo, evaluaci\u00f3n educativa integral y contextualizada, ambientes de aprendizaje y recursos educativos diversos. Asimismo, permitir\u00e1 alinear las pol\u00edticas educativas en temas de convivencia, inclusi\u00f3n, participaci\u00f3n; y gesti\u00f3n pedag\u00f3gica y administrativa, enfocados en garantizar la calidad educativa.<\/p>\n<p>Este modelo tiene dos enfoques: Por un lado el Pedag\u00f3gico, que considera al estudiante como un constructor activo de su propio conocimiento a trav\u00e9s de la interacci\u00f3n con su entorno; y por otro el Psicol\u00f3gico y del Neurodesarrollo, que apoya en la identificaci\u00f3n de los procesos cognitivos y emocionales al aprendizaje permitiendo informar y mejorar las pr\u00e1cticas educativas, lo que permite a los docentes adaptar sus m\u00e9todos de ense\u00f1anza para optimizar el proceso de aprendizaje de los estudiantes.<\/p>\n<p>Esta iniciativa se fundamenta en ocho pilares:<\/p>\n<ul>\n<li>Educaci\u00f3n flexible, ecl\u00e9ctica e interdisciplinaria<\/li>\n<li>Contextualizaci\u00f3n y pertinencia cultural<\/li>\n<li>Escuelas inclusivas, seguras y saludables<\/li>\n<li>Educaci\u00f3n para el desarrollo sostenible<\/li>\n<li>Pertinencia en la formaci\u00f3n del personal educativo<\/li>\n<li>Plan de vida y orientaci\u00f3n vocacional de los estudiantes<\/li>\n<li>Ciudadan\u00eda digital<\/li>\n<li>Corresponsabilidad frente a la libertad y autonom\u00eda<\/li>\n<\/ul>\n<p>Este modelo permite la implementaci\u00f3n de procesos sostenidos de mejora educativa en \u00e1mbitos curriculares como pedag\u00f3gicos.<\/p>\n<p>Con esta iniciativa, el Ministerio de Educaci\u00f3n busca no solo transformar el proceso de ense\u00f1anza y aprendizaje, sino tambi\u00e9n consolidar un sistema m\u00e1s integral y enfocado en la realidad de cada entorno educativo.<\/p>\n","protected":false},"excerpt":{"rendered":"<p>Quito.- El Ministerio de Educaci\u00f3n, mediante Acuerdo MINEDUC-2023-00074-A, con fecha 13 de noviembre expidi\u00f3 el Modelo Educativo Nacional que orienta la implementaci\u00f3n de los procesos de ense\u00f1anza y aprendizaje, con base en una oferta de educaci\u00f3n contextualizada y flexible, para la mejora de la calidad educativa. Este modelo servir\u00e1 de base para la toma de [&hellip;]<\/p>\n","protected":false},"author":2,"featured_media":7289,"comment_status":"open","ping_status":"closed","sticky":false,"template":"","format":"standard","meta":{"_jetpack_memberships_contains_paid_content":false,"footnotes":""},"categories":[13],"tags":[444],"class_list":["post-7288","post","type-post","status-publish","format-standard","has-post-thumbnail","hentry","category-noticias-nacionales","tag-ministerio-de-educacion"],"jetpack_featured_media_url":"https:\/\/radiocresatelital.com\/wp-content\/uploads\/2023\/11\/escuela.png","jetpack_sharing_enabled":true,"_links":{"self":[{"href":"https:\/\/radiocresatelital.com\/index.php?rest_route=\/wp\/v2\/posts\/7288","targetHints":{"allow":["GET"]}}],"collection":[{"href":"https:\/\/radiocresatelital.com\/index.php?rest_route=\/wp\/v2\/posts"}],"about":[{"href":"https:\/\/radiocresatelital.com\/index.php?rest_route=\/wp\/v2\/types\/post"}],"author":[{"embeddable":true,"href":"https:\/\/radiocresatelital.com\/index.php?rest_route=\/wp\/v2\/users\/2"}],"replies":[{"embeddable":true,"href":"https:\/\/radiocresatelital.com\/index.php?rest_route=%2Fwp%2Fv2%2Fcomments&post=7288"}],"version-history":[{"count":1,"href":"https:\/\/radiocresatelital.com\/index.php?rest_route=\/wp\/v2\/posts\/7288\/revisions"}],"predecessor-version":[{"id":7290,"href":"https:\/\/radiocresatelital.com\/index.php?rest_route=\/wp\/v2\/posts\/7288\/revisions\/7290"}],"wp:featuredmedia":[{"embeddable":true,"href":"https:\/\/radiocresatelital.com\/index.php?rest_route=\/wp\/v2\/media\/7289"}],"wp:attachment":[{"href":"https:\/\/radiocresatelital.com\/index.php?rest_route=%2Fwp%2Fv2%2Fmedia&parent=7288"}],"wp:term":[{"taxonomy":"category","embeddable":true,"href":"https:\/\/radiocresatelital.com\/index.php?rest_route=%2Fwp%2Fv2%2Fcategories&post=7288"},{"taxonomy":"post_tag","embeddable":true,"href":"https:\/\/radiocresatelital.com\/index.php?rest_route=%2Fwp%2Fv2%2Ftags&post=7288"}],"curies":[{"name":"wp","href":"https:\/\/api.w.org\/{rel}","templated":true}]}}