{"id":7254,"date":"2023-11-13T22:04:55","date_gmt":"2023-11-13T22:04:55","guid":{"rendered":"https:\/\/radiocresatelital.com\/?p=7254"},"modified":"2023-11-13T22:04:55","modified_gmt":"2023-11-13T22:04:55","slug":"vicepresidencia-de-ecuador-presento-plan-de-fortalecimiento-del-sistema-quirurgico-nacional-con-el-fin-de-garantizar-acceso-a-cirugias-seguras-en-ecuador","status":"publish","type":"post","link":"https:\/\/radiocresatelital.com\/?p=7254","title":{"rendered":"VicePresidencia de Ecuador present\u00f3 \u00abPlan de Fortalecimiento del sistema quir\u00fargico Nacional\u00bb con el fin de garantizar acceso a cirug\u00edas seguras en Ecuador"},"content":{"rendered":"<p>Quito.- En mayo de 2022, en Ecuador se registraban 9.261 cirug\u00edas en lista de espera en los establecimientos de salud del Ministerio de Salud P\u00fablica (MSP), procedimientos que estaban represados debido a la ocupaci\u00f3n de camas en los hospitales centinela durante la pandemia. Con este antecedente y tomando en cuenta que en el pa\u00eds exist\u00eda una normativa de calidad quir\u00fargica limitada, surgi\u00f3 la necesidad de desarrollar un instrumento para promover el acceso a cirug\u00edas seguras y oportunas a la poblaci\u00f3n.<\/p>\n<p>Bajo el liderazgo del Dr. Alfredo Borrero Vega, la Vicepresidencia de la Rep\u00fablica inici\u00f3 la b\u00fasqueda de voluntades. Es as\u00ed, que junto al MSP y con el apoyo del Programa de Cirug\u00eda<\/p>\n<p>Global y Cambio Social de la Universidad de Harvard, organizaciones internacionales especializadas en salud y representantes de la academia, se conform\u00f3 la Mesa T\u00e9cnica interinstitucional que desarroll\u00f3 la metodolog\u00eda y un an\u00e1lisis situacional del pa\u00eds en una muestra de 184 establecimientos de la Red P\u00fablica Integral de Salud (RPIS): 129 del MSP, 42 del Instituto Ecuatoriano de Seguridad Social, 11 del Instituto de Seguridad de las Fuerzas Armadas y 2 del Instituto de Seguridad Social de la Polic\u00eda Nacional.<\/p>\n<p>Tras m\u00e1s de un a\u00f1o de trabajo; este lunes, 13 de noviembre, se desarroll\u00f3 el lanzamiento del Plan de Fortalecimiento del Sistema Quir\u00fargico Nacional, una herramienta metodol\u00f3gica que busca fortalecer los servicios quir\u00fargicos en Ecuador a trav\u00e9s de: infraestructura sanitaria de<br \/>\ncalidad, incorporaci\u00f3n del talento humano, articulaci\u00f3n efectiva de la RPIS, interoperabilidad, innovaci\u00f3n y m\u00e1s acciones propositivas orientadas a reducir la mortalidad materna y neonatal, las muertes prematuras por enfermedades transmisibles y las muertes por lesiones.<br \/>\ndo, este Plan se alinea a los objetivos de desarrollo sostenible y a nuestro Plan Decenal de Salud; tanto en los el ministro Jos\u00e9 Ruales.<\/p>\n<p>\u201cTrabajar en Ecuador ha sido una experiencia fascinante.\u00a0 Para poder realizar estos planes estrat\u00e9gicos se necesita un l\u00edder y ustedes tienen un gran l\u00edder.\u00a0 Agradezco mucho al vicepresidente Alfredo Borrero por ayudar a comandar todos los planes que ten\u00edamos para el pa\u00eds y poder implementarlos\u201d dijo Kee Park, director de Pol\u00edtica y Abogac\u00eda del Programa de Cirug\u00eda Global y Cambio Social de la Universidad de Harvard.<\/p>\n<p>Ecuador mocion\u00f3 ante la Organizaci\u00f3n Panamericana de la Salud la inclusi\u00f3n del fortalecimiento quir\u00fargico como un tema prioritario en la agenda p\u00fablica regional para alcanzar la cobertura universal de la salud.<\/p>\n<p>\u00abInvitamos a las pr\u00f3ximas autoridades a darle continuidad a este Plan, sostener los esfuerzos realizados y fortalecerlos de ser necesario en aras de garantizar que la salud de calidad sea un derecho para cada ecuatoriano\u00bb concluy\u00f3 el vicepresidente Alfredo Borrero Vega.<\/p>\n","protected":false},"excerpt":{"rendered":"<p>Quito.- En mayo de 2022, en Ecuador se registraban 9.261 cirug\u00edas en lista de espera en los establecimientos de salud del Ministerio de Salud P\u00fablica (MSP), procedimientos que estaban represados debido a la ocupaci\u00f3n de camas en los hospitales centinela durante la pandemia. Con este antecedente y tomando en cuenta que en el pa\u00eds exist\u00eda [&hellip;]<\/p>\n","protected":false},"author":2,"featured_media":7255,"comment_status":"open","ping_status":"closed","sticky":false,"template":"","format":"standard","meta":{"_jetpack_memberships_contains_paid_content":false,"footnotes":""},"categories":[13],"tags":[6],"class_list":["post-7254","post","type-post","status-publish","format-standard","has-post-thumbnail","hentry","category-noticias-nacionales","tag-vicepresidencia-de-la-republica"],"jetpack_featured_media_url":"https:\/\/radiocresatelital.com\/wp-content\/uploads\/2023\/11\/88b2017e-91dc-4244-98a4-2bba016ef7c5.jpeg","jetpack_sharing_enabled":true,"_links":{"self":[{"href":"https:\/\/radiocresatelital.com\/index.php?rest_route=\/wp\/v2\/posts\/7254","targetHints":{"allow":["GET"]}}],"collection":[{"href":"https:\/\/radiocresatelital.com\/index.php?rest_route=\/wp\/v2\/posts"}],"about":[{"href":"https:\/\/radiocresatelital.com\/index.php?rest_route=\/wp\/v2\/types\/post"}],"author":[{"embeddable":true,"href":"https:\/\/radiocresatelital.com\/index.php?rest_route=\/wp\/v2\/users\/2"}],"replies":[{"embeddable":true,"href":"https:\/\/radiocresatelital.com\/index.php?rest_route=%2Fwp%2Fv2%2Fcomments&post=7254"}],"version-history":[{"count":1,"href":"https:\/\/radiocresatelital.com\/index.php?rest_route=\/wp\/v2\/posts\/7254\/revisions"}],"predecessor-version":[{"id":7256,"href":"https:\/\/radiocresatelital.com\/index.php?rest_route=\/wp\/v2\/posts\/7254\/revisions\/7256"}],"wp:featuredmedia":[{"embeddable":true,"href":"https:\/\/radiocresatelital.com\/index.php?rest_route=\/wp\/v2\/media\/7255"}],"wp:attachment":[{"href":"https:\/\/radiocresatelital.com\/index.php?rest_route=%2Fwp%2Fv2%2Fmedia&parent=7254"}],"wp:term":[{"taxonomy":"category","embeddable":true,"href":"https:\/\/radiocresatelital.com\/index.php?rest_route=%2Fwp%2Fv2%2Fcategories&post=7254"},{"taxonomy":"post_tag","embeddable":true,"href":"https:\/\/radiocresatelital.com\/index.php?rest_route=%2Fwp%2Fv2%2Ftags&post=7254"}],"curies":[{"name":"wp","href":"https:\/\/api.w.org\/{rel}","templated":true}]}}