{"id":7250,"date":"2023-11-13T17:57:10","date_gmt":"2023-11-13T17:57:10","guid":{"rendered":"https:\/\/radiocresatelital.com\/?p=7250"},"modified":"2023-11-13T22:32:05","modified_gmt":"2023-11-13T22:32:05","slug":"soledad-padilla-acusa-a-jorge-glas-de-maltratador-y-pide-a-gonzalez-aguinaga-y-cabezas-que-declaren-la-verdad","status":"publish","type":"post","link":"https:\/\/radiocresatelital.com\/?p=7250","title":{"rendered":"Soledad Padilla acusa a Jorge Glas de maltratador y pide a Gonz\u00e1lez, Agui\u00f1aga y Cabezas que declaren la verdad"},"content":{"rendered":"<p>Quito.- En redes sociales, se hizo viral un video donde Soledad Padilla, ex miembro de la Revoluci\u00f3n Ciudadana que denunci\u00f3 legalmente al ex vicepresidente Jorge Glas, habla sobre la violencia vivida, el miedo que tiene al denunciar su situaci\u00f3n pero sobre pide a Luisa Gonz\u00e1lez, Marcela Agui\u00f1aga y Paola Cabezas, que acudan al llamado de la Fiscal\u00eda General del Estado y digan la verdad.<\/p>\n<p>\u00abTrabaje para el ex vicepresidente Jorge Glas, como todos saben. Todo el mundo pregunta porque tarde tanto tiempo en denunciarlo, porque no hable antes. Cuando eres v\u00edctima de violencia y est\u00e1s frente a una relaci\u00f3n de abuso de poder tienes miedo, much\u00edsimo miedo. Jorge Glas me dec\u00eda constantemente que nadie mas me iba a dar trabajo que nadie me contratar\u00eda, me dec\u00eda que \u00e9l era lo mejor que me pod\u00eda pasar en la vida y que todos mi alrededor cre\u00edan que \u00e9l y yo \u00e9ramos pareja y que yo no deb\u00eda desmentir porque nadie me iba a creer\u00bb, asevera Padilla en parte de su video.<\/p>\n<p>\u00abMe ped\u00eda sentarme a su lado en actos oficiales, yo siempre le dec\u00eda que no y ante esas negativas se enfurec\u00eda. As\u00ed mismo permanec\u00eda pendiente de mis movimientos migratorios., porque siempre quer\u00eda saber c\u00f3mo, d\u00f3nde y con qui\u00e9n estaba.\u00a0 Incluso me llego a preguntar con cuantas personas me hab\u00eda acostado. Me dijo tambi\u00e9n que si yo le hubiera dicho que ten\u00eda pareja las cosas hu ieran sido distintas, pero no es no con o sin pareja\u00bb, relat\u00f3.<\/p>\n<p>\u00abEn alg\u00fan punto de mi vida, normalic\u00e9 ciertas actitudes como nos pasa a muchas v\u00edctimas de violencia, nadie nos dice que el villano, el maltratador o el acosador puede parecer una persona normal o incluso un vicepresidente\u00bb, reflexion\u00f3.<\/p>\n<p>\u00abMe preguntan si tengo miedo, s\u00ed .tengo much\u00edsimo miedo, pero tengo algo mas fuerte: La verdad\u00bb.<\/p>\n<p>\u00abLa Fiscal\u00eda ha convocado a Luisa Gonz\u00e1lez, Paola Cabeza, Marcela Agui\u00f1aga, para que rindan su versi\u00f3n. Hoy les pido p\u00fablicamente y de coraz\u00f3n, como mujer, si su lucha es real, asistan y digan la verdad. Luisa por todo aquello que conversamos, por la violencia de la que t\u00fa has sido v\u00edctima en esta organizaci\u00f3n, no me falles ni a mi ni a todas las mujeres que hemos sido v\u00edctimas de violencia\u00bb, pidi\u00f3 Padilla.<\/p>\n<p>\u00abRomper el silencio no es f\u00e1cil, pero es lo \u00fanico que a las mujeres nos permite defendernos frente a la cobard\u00eda de un violentador que pretende victimizarse y no hacerse responsable por ser un violentador\u00bb, asever\u00f3 la ex <a href=\"https:\/\/x.com\/LaPosta_Ecu\/status\/1723874285507186941?s=20\">asamble\u00edsta<\/a> del corre\u00edsmo.<\/p>\n<p><a href=\"https:\/\/x.com\/LaPosta_Ecu\/status\/1723874285507186941?s=20\">https:\/\/x.com\/LaPosta_Ecu\/status\/1723874285507186941?s=20<\/a><\/p>\n<p>&nbsp;<\/p>\n","protected":false},"excerpt":{"rendered":"<p>Quito.- En redes sociales, se hizo viral un video donde Soledad Padilla, ex miembro de la Revoluci\u00f3n Ciudadana que denunci\u00f3 legalmente al ex vicepresidente Jorge Glas, habla sobre la violencia vivida, el miedo que tiene al denunciar su situaci\u00f3n pero sobre pide a Luisa Gonz\u00e1lez, Marcela Agui\u00f1aga y Paola Cabezas, que acudan al llamado de [&hellip;]<\/p>\n","protected":false},"author":3,"featured_media":7251,"comment_status":"open","ping_status":"closed","sticky":false,"template":"","format":"standard","meta":{"_jetpack_memberships_contains_paid_content":false,"footnotes":""},"categories":[13],"tags":[1237],"class_list":["post-7250","post","type-post","status-publish","format-standard","has-post-thumbnail","hentry","category-noticias-nacionales","tag-soledad-padilla"],"jetpack_featured_media_url":"https:\/\/radiocresatelital.com\/wp-content\/uploads\/2023\/11\/soledad-padilla-1.jpg","jetpack_sharing_enabled":true,"_links":{"self":[{"href":"https:\/\/radiocresatelital.com\/index.php?rest_route=\/wp\/v2\/posts\/7250","targetHints":{"allow":["GET"]}}],"collection":[{"href":"https:\/\/radiocresatelital.com\/index.php?rest_route=\/wp\/v2\/posts"}],"about":[{"href":"https:\/\/radiocresatelital.com\/index.php?rest_route=\/wp\/v2\/types\/post"}],"author":[{"embeddable":true,"href":"https:\/\/radiocresatelital.com\/index.php?rest_route=\/wp\/v2\/users\/3"}],"replies":[{"embeddable":true,"href":"https:\/\/radiocresatelital.com\/index.php?rest_route=%2Fwp%2Fv2%2Fcomments&post=7250"}],"version-history":[{"count":1,"href":"https:\/\/radiocresatelital.com\/index.php?rest_route=\/wp\/v2\/posts\/7250\/revisions"}],"predecessor-version":[{"id":7252,"href":"https:\/\/radiocresatelital.com\/index.php?rest_route=\/wp\/v2\/posts\/7250\/revisions\/7252"}],"wp:featuredmedia":[{"embeddable":true,"href":"https:\/\/radiocresatelital.com\/index.php?rest_route=\/wp\/v2\/media\/7251"}],"wp:attachment":[{"href":"https:\/\/radiocresatelital.com\/index.php?rest_route=%2Fwp%2Fv2%2Fmedia&parent=7250"}],"wp:term":[{"taxonomy":"category","embeddable":true,"href":"https:\/\/radiocresatelital.com\/index.php?rest_route=%2Fwp%2Fv2%2Fcategories&post=7250"},{"taxonomy":"post_tag","embeddable":true,"href":"https:\/\/radiocresatelital.com\/index.php?rest_route=%2Fwp%2Fv2%2Ftags&post=7250"}],"curies":[{"name":"wp","href":"https:\/\/api.w.org\/{rel}","templated":true}]}}