{"id":7235,"date":"2023-11-12T18:58:40","date_gmt":"2023-11-12T18:58:40","guid":{"rendered":"https:\/\/radiocresatelital.com\/?p=7235"},"modified":"2023-11-12T18:59:58","modified_gmt":"2023-11-12T18:59:58","slug":"daniel-noboa-azin-designa-nuevo-embajador-de-ecuador-ante-las-naciones-unidas","status":"publish","type":"post","link":"https:\/\/radiocresatelital.com\/?p=7235","title":{"rendered":"Daniel Noboa Az\u00edn designa nuevo embajador de Ecuador ante las Naciones Unidas"},"content":{"rendered":"<p>Guayaquil.- El presidente electo Daniel Noboa Azin design\u00f3 el viernes 10 de noviembre de 2023 a Jos\u00e9 Javier De La Gasca como nuevo embajador de Ecuador ante la Organizaci\u00f3n de Naciones Unidas, ONU.<\/p>\n<p>EL nuevo diplom\u00e1tico tiene 42 a\u00f1os, es m\u00e1ster en Criminal\u00edstica y Ciencias Forenses, con diplomados en varias universidades de Estados Unidos y Espa\u00f1a.<\/p>\n<p>Ha sido docente de Derecho en varias universidades del Ecuador y, hasta el momento de su designaci\u00f3n, ejerc\u00eda como Socio y Director del Estudio Jur\u00eddico De La Gasca.<\/p>\n<p>Ha desempe\u00f1ado varios cargos en instituciones p\u00fablicas y privadas, adem\u00e1s es columnista de los diarios Expreso y El Universo.<\/p>\n<p>Habla de manera fluida el ingl\u00e9s, tiene un nivel intermedio de franc\u00e9s y entiende alem\u00e1n y portugu\u00e9s<\/p>\n","protected":false},"excerpt":{"rendered":"<p>Guayaquil.- El presidente electo Daniel Noboa Azin design\u00f3 el viernes 10 de noviembre de 2023 a Jos\u00e9 Javier De La Gasca como nuevo embajador de Ecuador ante la Organizaci\u00f3n de Naciones Unidas, ONU. EL nuevo diplom\u00e1tico tiene 42 a\u00f1os, es m\u00e1ster en Criminal\u00edstica y Ciencias Forenses, con diplomados en varias universidades de Estados Unidos y [&hellip;]<\/p>\n","protected":false},"author":2,"featured_media":7236,"comment_status":"open","ping_status":"closed","sticky":false,"template":"","format":"standard","meta":{"_jetpack_memberships_contains_paid_content":false,"footnotes":""},"categories":[13],"tags":[556],"class_list":["post-7235","post","type-post","status-publish","format-standard","has-post-thumbnail","hentry","category-noticias-nacionales","tag-daniel-noboa"],"jetpack_featured_media_url":"https:\/\/radiocresatelital.com\/wp-content\/uploads\/2023\/11\/f5238716-c733-45af-831c-98a11843af3c.jpeg","jetpack_sharing_enabled":true,"_links":{"self":[{"href":"https:\/\/radiocresatelital.com\/index.php?rest_route=\/wp\/v2\/posts\/7235","targetHints":{"allow":["GET"]}}],"collection":[{"href":"https:\/\/radiocresatelital.com\/index.php?rest_route=\/wp\/v2\/posts"}],"about":[{"href":"https:\/\/radiocresatelital.com\/index.php?rest_route=\/wp\/v2\/types\/post"}],"author":[{"embeddable":true,"href":"https:\/\/radiocresatelital.com\/index.php?rest_route=\/wp\/v2\/users\/2"}],"replies":[{"embeddable":true,"href":"https:\/\/radiocresatelital.com\/index.php?rest_route=%2Fwp%2Fv2%2Fcomments&post=7235"}],"version-history":[{"count":3,"href":"https:\/\/radiocresatelital.com\/index.php?rest_route=\/wp\/v2\/posts\/7235\/revisions"}],"predecessor-version":[{"id":7239,"href":"https:\/\/radiocresatelital.com\/index.php?rest_route=\/wp\/v2\/posts\/7235\/revisions\/7239"}],"wp:featuredmedia":[{"embeddable":true,"href":"https:\/\/radiocresatelital.com\/index.php?rest_route=\/wp\/v2\/media\/7236"}],"wp:attachment":[{"href":"https:\/\/radiocresatelital.com\/index.php?rest_route=%2Fwp%2Fv2%2Fmedia&parent=7235"}],"wp:term":[{"taxonomy":"category","embeddable":true,"href":"https:\/\/radiocresatelital.com\/index.php?rest_route=%2Fwp%2Fv2%2Fcategories&post=7235"},{"taxonomy":"post_tag","embeddable":true,"href":"https:\/\/radiocresatelital.com\/index.php?rest_route=%2Fwp%2Fv2%2Ftags&post=7235"}],"curies":[{"name":"wp","href":"https:\/\/api.w.org\/{rel}","templated":true}]}}