{"id":7231,"date":"2023-11-12T16:06:15","date_gmt":"2023-11-12T16:06:15","guid":{"rendered":"https:\/\/radiocresatelital.com\/?p=7231"},"modified":"2023-11-12T16:06:48","modified_gmt":"2023-11-12T16:06:48","slug":"credito-1x30-continua-reactivando-a-sectores-productivos-del-pais","status":"publish","type":"post","link":"https:\/\/radiocresatelital.com\/?p=7231","title":{"rendered":"Cr\u00e9dito 1&#215;30 contin\u00faa reactivando a sectores productivos del pa\u00eds"},"content":{"rendered":"<p>Guayaquil.- BanEcuador entreg\u00f3 cr\u00e9ditos 1&#215;30 destinados a la reactivaci\u00f3n de productores agropecuarios de la Costa, durante un encuentro con organizaciones campesinas y montuvias en el cant\u00f3n Santa Luc\u00eda, provincia del Guayas.<\/p>\n<p>Participaron en el evento peque\u00f1os productores y dirigentes agropecuarios de Guayas, Esmeraldas, Manab\u00ed, El Oro y Los R\u00edos, as\u00ed tambi\u00e9n autoridades locales y nacionales, entre ellos el Ministro de Gobierno Henry Cucal\u00f3n, el presidente del Directorio de BanEcuador, Mauricio Salem, y el Gerente General de la instituci\u00f3n financiera, Fernando Chiang.<\/p>\n<p>En nombre de los beneficiarios, Santos Villamar, dirigente de la Corporaci\u00f3n de Organizaciones Montuvias, Pesqueras y Productivas (CORMOPP), agradeci\u00f3 la gesti\u00f3n de BanEcuador por dar una respuesta a las demandas hist\u00f3ricas del sector campesino \u201ccon un financiamiento accesible que realmente mueve la econom\u00eda del pa\u00eds\u00bb.<\/p>\n<p>El cr\u00e9dito 1&#215;30 es un producto emblem\u00e1tico del Gobierno del Ecuador que otorga un plazo de pago de hasta 30 a\u00f1os y a una tasa de inter\u00e9s del 1%. Hasta ahora se han entregado m\u00e1s de $300 millones en 100.000 operaciones.<\/p>\n<p>\u00abFelicito a Mauricio Salem por entender las problem\u00e1ticas de los productores y porque ha sintonizado con la realidad del campo\u00bb, expres\u00f3 Villamar.<\/p>\n<p>El ministro de Gobierno, Henry Cucal\u00f3n, dijo que no hay mayor medida social que \u201ccreer en la gente\u201d y entregar un financiamiento de estas caracter\u00edsticas. \u201cEste es el cr\u00e9dito de las oportunidades\u201d, resalt\u00f3.<\/p>\n<p>Durante su intervenci\u00f3n, el principal de BanEcuador record\u00f3, a los m\u00e1s de 1000 productores presentes, las condiciones en que recibi\u00f3 a la instituci\u00f3n y los cambios logrados durante 30 meses de gesti\u00f3n. Mencion\u00f3 entre estos la mejora en la atenci\u00f3n<\/p>\n<p>a los usuarios con la disminuci\u00f3n de filas, los nuevos productos y servicios como la tarjeta de d\u00e9bito BanEcuador-Mastercard y la democratizaci\u00f3n de los cr\u00e9ditos.<\/p>\n<p>\u201cHemos atendido a m\u00e1s de 300.000 familias con 1.220 millones de d\u00f3lares en cr\u00e9ditos, cuyo promedio est\u00e1 entre los 4.000 y 8.000 d\u00f3lares, es decir, nos enfocamos en la base de la pir\u00e1mide productiva del pa\u00eds\u201d, se\u00f1al\u00f3.<\/p>\n<p>Como parte de este encuentro, el prefecto de El Oro, Clemente Bravo, entreg\u00f3 un reconocimiento a Mauricio Salem y se\u00f1al\u00f3 que la \u201cmayor fuerza motriz del pa\u00eds es la agricultura\u201d. A la vez, agradeci\u00f3 a la instituci\u00f3n por reconocer la importancia de este sector con el otorgamiento de cr\u00e9ditos que promueven su desarrollo.<\/p>\n","protected":false},"excerpt":{"rendered":"<p>Guayaquil.- BanEcuador entreg\u00f3 cr\u00e9ditos 1&#215;30 destinados a la reactivaci\u00f3n de productores agropecuarios de la Costa, durante un encuentro con organizaciones campesinas y montuvias en el cant\u00f3n Santa Luc\u00eda, provincia del Guayas. Participaron en el evento peque\u00f1os productores y dirigentes agropecuarios de Guayas, Esmeraldas, Manab\u00ed, El Oro y Los R\u00edos, as\u00ed tambi\u00e9n autoridades locales y nacionales, [&hellip;]<\/p>\n","protected":false},"author":2,"featured_media":7232,"comment_status":"open","ping_status":"closed","sticky":false,"template":"","format":"standard","meta":{"_jetpack_memberships_contains_paid_content":false,"footnotes":""},"categories":[13],"tags":[796],"class_list":["post-7231","post","type-post","status-publish","format-standard","has-post-thumbnail","hentry","category-noticias-nacionales","tag-banecuador"],"jetpack_featured_media_url":"https:\/\/radiocresatelital.com\/wp-content\/uploads\/2023\/11\/IMG_0356-scaled.jpg","jetpack_sharing_enabled":true,"_links":{"self":[{"href":"https:\/\/radiocresatelital.com\/index.php?rest_route=\/wp\/v2\/posts\/7231","targetHints":{"allow":["GET"]}}],"collection":[{"href":"https:\/\/radiocresatelital.com\/index.php?rest_route=\/wp\/v2\/posts"}],"about":[{"href":"https:\/\/radiocresatelital.com\/index.php?rest_route=\/wp\/v2\/types\/post"}],"author":[{"embeddable":true,"href":"https:\/\/radiocresatelital.com\/index.php?rest_route=\/wp\/v2\/users\/2"}],"replies":[{"embeddable":true,"href":"https:\/\/radiocresatelital.com\/index.php?rest_route=%2Fwp%2Fv2%2Fcomments&post=7231"}],"version-history":[{"count":1,"href":"https:\/\/radiocresatelital.com\/index.php?rest_route=\/wp\/v2\/posts\/7231\/revisions"}],"predecessor-version":[{"id":7233,"href":"https:\/\/radiocresatelital.com\/index.php?rest_route=\/wp\/v2\/posts\/7231\/revisions\/7233"}],"wp:featuredmedia":[{"embeddable":true,"href":"https:\/\/radiocresatelital.com\/index.php?rest_route=\/wp\/v2\/media\/7232"}],"wp:attachment":[{"href":"https:\/\/radiocresatelital.com\/index.php?rest_route=%2Fwp%2Fv2%2Fmedia&parent=7231"}],"wp:term":[{"taxonomy":"category","embeddable":true,"href":"https:\/\/radiocresatelital.com\/index.php?rest_route=%2Fwp%2Fv2%2Fcategories&post=7231"},{"taxonomy":"post_tag","embeddable":true,"href":"https:\/\/radiocresatelital.com\/index.php?rest_route=%2Fwp%2Fv2%2Ftags&post=7231"}],"curies":[{"name":"wp","href":"https:\/\/api.w.org\/{rel}","templated":true}]}}