{"id":7226,"date":"2023-11-11T23:46:51","date_gmt":"2023-11-11T23:46:51","guid":{"rendered":"https:\/\/radiocresatelital.com\/?p=7226"},"modified":"2023-11-11T23:46:51","modified_gmt":"2023-11-11T23:46:51","slug":"proyectos-del-sector-publico-fueron-reconocidos-por-la-7ma-edicion-de-la-iniciativa-practicas-ejemplares-ecuador","status":"publish","type":"post","link":"https:\/\/radiocresatelital.com\/?p=7226","title":{"rendered":"Proyectos del sector p\u00fablico fueron reconocidos por la 7ma Edici\u00f3n de la iniciativa \u00abPr\u00e1cticas Ejemplares Ecuador\u00bb"},"content":{"rendered":"<p>Quito.- Este 8 de noviembre se realiz\u00f3 la 7ma edici\u00f3n del concurso \u00abPr\u00e1cticas Ejemplares Ecuador\u00bb, una iniciativa impulsada por la Corporaci\u00f3n L\u00edderes para Gobernar con el apoyo de empresas privadas, fundaciones, la academia y la cooperaci\u00f3n internacional. Se trata del \u00fanico reconocimiento que se le hace al sector p\u00fablico desde la sociedad civil con el fin de visibilizar que en el Ecuador hay proyectos de impacto, transparentes y eficientes y as\u00ed la ciudadan\u00eda aumente su confianza en las instituciones p\u00fablicas, fortaleciendo la democracia y gobernanza.<\/p>\n<p>En esta edici\u00f3n se recibieron 182 postulaciones de entidades p\u00fablicas de todo el pa\u00eds que compitieron con proyectos en 7 categor\u00edas. Estos proyectos fueron evaluados por criterios con altos est\u00e1ndares de competitividad por 49 jurados t\u00e9cnicos y 21 l\u00edderes de opini\u00f3n y expertos en cada una de las tem\u00e1ticas. El resultado fue que en esta 7ma edici\u00f3n del Concurso se destacaron 59 proyectos reconocidos como Buenas Pr\u00e1cticas y 18 proyectos como \u00abPr\u00e1cticas Ejemplares\u00bb, mayor galard\u00f3n del concurso.<\/p>\n<p>Este a\u00f1o el evento estuvo resaltado por 13 autoridades del Gobierno Central, 8 Prefecturas, 11 Alcald\u00edas, 1 Mancomunidad de Municipalidades, 7 Empresas P\u00fablicas, 4 GAD Parroquiales, 2 Consejos Cantonales y 15 Institutos Superiores Tecnol\u00f3gicos y Universidades P\u00fablicas, todos se dieron cita en la ciudad de Quito para recibir sus reconocimientos y dar a conocer sus proyectos.<\/p>\n<p>Desde el 2016, la Corporaci\u00f3n L\u00edderes para Gobernar busca fortalecer la institucionalidad y la democracia del pa\u00eds por medio de este premio que se ha posicionado a nivel nacional como una oportunidad para que las instituciones p\u00fablicas demuestren las acciones positivas, innovadoras y de alto impacto que desarrollan.<\/p>\n<p>Las 13 instituciones reconocidas en cada categor\u00eda, del Gobierno Nacional fueron las siguientes, con 17 proyectos:<\/p>\n<ul>\n<li><strong>Categor\u00eda Desarrollo Productivo Empleo y Emprendimiento:<\/strong><\/li>\n<\/ul>\n<p><strong>BUENAS PR\u00c1CTICAS:<\/strong><\/p>\n<ol>\n<li>Ministerio de Turismo: Proyecto Emprende Turismo<\/li>\n<li>Petroecuador EP: Proyecto SIL<\/li>\n<li>Senescyt: Proyecto Programa para el Fortalecimiento de Actividades de Ciencia, Tecnolog\u00eda, Innovaci\u00f3n y Saberes Ancestrales.<\/li>\n<li>Senescyt: Thinkia y Laboratorio Ciudadano.<\/li>\n<li>Senescyt: Programa de Becas Tec 2023.<\/li>\n<\/ol>\n<p><strong>PR\u00c1CTICAS EJEMPLARES:<\/strong><\/p>\n<ol start=\"6\">\n<li>Senescyt: proyecto Gal\u00e1pagos Hub para la Sostenibilidad, Innovaci\u00f3n y Resiliencia<\/li>\n<li>Ministerio de Agricultura y Ganader\u00eda por el proyecto Escuelas de Emprendimiento Joven Rural.<\/li>\n<\/ol>\n<ul>\n<li><strong>Econom\u00eda Circular y Territorios Sostenibles:<\/strong><\/li>\n<\/ul>\n<p><strong>BUENA PR\u00c1CTICA:<\/strong><\/p>\n<ol start=\"8\">\n<li>Banco de Desarrollo del Ecuador: Proyecto \u201cPremio Verde\u201d<\/li>\n<\/ol>\n<ul>\n<li><strong>Categor\u00eda Lucha Contra el Comercio Il\u00edcito:<\/strong><\/li>\n<\/ul>\n<p><strong>BUENAS PR\u00c1CTICAS:<\/strong><\/p>\n<ol start=\"9\">\n<li>Ministerio del Interior: Proyecto \u201cVamos por lo legal\u201d.<\/li>\n<li>Servicio Nacional de Aduana: \u201cImplementaci\u00f3n de equipos de inspecci\u00f3n no intrusiva en los dep\u00f3sitos temporales\u201d.<\/li>\n<li>Polic\u00eda Nacional: \u201cImplementaci\u00f3n eficiente y fortalecimiento del Departamento de An\u00e1lisis\u201d.<\/li>\n<\/ol>\n<p><strong>PR\u00c1CTICAS EJEMPLARES:<\/strong><\/p>\n<ol start=\"12\">\n<li>Agencia Nacional de Regulaci\u00f3n, Control y Vigilancia Sanitaria \u2013 ARCSA: por el proyecto \u00abEstrategias de prevenci\u00f3n y control sobre el comercio il\u00edcito de productos de tabaco en el Ecuador.\u00bb<\/li>\n<li>Servicio Nacional de Aduana del Ecuador por el proyecto Reactivaci\u00f3n del Grupo de Adiestramiento canino.<\/li>\n<\/ol>\n<ul>\n<li><strong>Categor\u00eda Prevenci\u00f3n y Reducci\u00f3n de la Desnutrici\u00f3n Cr\u00f3nica:<\/strong><\/li>\n<\/ul>\n<p><strong>BUENAS PR\u00c1CTICAS:<\/strong><\/p>\n<ol start=\"14\">\n<li>Ministerio de Desarrollo Urbano y Vivienda: Proyecto Piloto \u00ab1000 pisos para jugar Ecuador\u00bb.<\/li>\n<li>Ministerio de Salud P\u00fablica: \u201cGrupos de apoyo a la lactancia materna.<\/li>\n<li>Presidencia del Ecuador: \u201cCiudades del Cambio\u201d.<\/li>\n<\/ol>\n<p><strong>PR\u00c1CTICA EJEMPLARE:<\/strong><\/p>\n<ol start=\"17\">\n<li>Secretar\u00eda T\u00e9cnica Ecuador Crece Sin Desnutrici\u00f3n Infantil por el proyecto \u201cSistema Unificado y Universal de Seguimiento Nominal\u201d.<\/li>\n<\/ol>\n<p>Felicitamos a todas las instituciones ganadoras, estamos convencidos que en el sector p\u00fablico existen proyectos de alto impacto que aportan al desarrollo del Ecuador.<\/p>\n","protected":false},"excerpt":{"rendered":"<p>Quito.- Este 8 de noviembre se realiz\u00f3 la 7ma edici\u00f3n del concurso \u00abPr\u00e1cticas Ejemplares Ecuador\u00bb, una iniciativa impulsada por la Corporaci\u00f3n L\u00edderes para Gobernar con el apoyo de empresas privadas, fundaciones, la academia y la cooperaci\u00f3n internacional. Se trata del \u00fanico reconocimiento que se le hace al sector p\u00fablico desde la sociedad civil con el [&hellip;]<\/p>\n","protected":false},"author":2,"featured_media":7227,"comment_status":"open","ping_status":"closed","sticky":false,"template":"","format":"standard","meta":{"_jetpack_memberships_contains_paid_content":false,"footnotes":""},"categories":[13],"tags":[1236],"class_list":["post-7226","post","type-post","status-publish","format-standard","has-post-thumbnail","hentry","category-noticias-nacionales","tag-practicas-ejemplares-ecuador"],"jetpack_featured_media_url":"https:\/\/radiocresatelital.com\/wp-content\/uploads\/2023\/11\/IMG_4493SH23112022-1-scaled-1.jpg","jetpack_sharing_enabled":true,"_links":{"self":[{"href":"https:\/\/radiocresatelital.com\/index.php?rest_route=\/wp\/v2\/posts\/7226","targetHints":{"allow":["GET"]}}],"collection":[{"href":"https:\/\/radiocresatelital.com\/index.php?rest_route=\/wp\/v2\/posts"}],"about":[{"href":"https:\/\/radiocresatelital.com\/index.php?rest_route=\/wp\/v2\/types\/post"}],"author":[{"embeddable":true,"href":"https:\/\/radiocresatelital.com\/index.php?rest_route=\/wp\/v2\/users\/2"}],"replies":[{"embeddable":true,"href":"https:\/\/radiocresatelital.com\/index.php?rest_route=%2Fwp%2Fv2%2Fcomments&post=7226"}],"version-history":[{"count":1,"href":"https:\/\/radiocresatelital.com\/index.php?rest_route=\/wp\/v2\/posts\/7226\/revisions"}],"predecessor-version":[{"id":7228,"href":"https:\/\/radiocresatelital.com\/index.php?rest_route=\/wp\/v2\/posts\/7226\/revisions\/7228"}],"wp:featuredmedia":[{"embeddable":true,"href":"https:\/\/radiocresatelital.com\/index.php?rest_route=\/wp\/v2\/media\/7227"}],"wp:attachment":[{"href":"https:\/\/radiocresatelital.com\/index.php?rest_route=%2Fwp%2Fv2%2Fmedia&parent=7226"}],"wp:term":[{"taxonomy":"category","embeddable":true,"href":"https:\/\/radiocresatelital.com\/index.php?rest_route=%2Fwp%2Fv2%2Fcategories&post=7226"},{"taxonomy":"post_tag","embeddable":true,"href":"https:\/\/radiocresatelital.com\/index.php?rest_route=%2Fwp%2Fv2%2Ftags&post=7226"}],"curies":[{"name":"wp","href":"https:\/\/api.w.org\/{rel}","templated":true}]}}