{"id":7216,"date":"2023-11-11T19:08:47","date_gmt":"2023-11-11T19:08:47","guid":{"rendered":"https:\/\/radiocresatelital.com\/?p=7216"},"modified":"2023-11-11T19:08:47","modified_gmt":"2023-11-11T19:08:47","slug":"sesion-solemne-de-inauguracion-del-xxxiii-congreso-ordinario-de-federacion-nacional-de-transporte-pesado-de-ecuador-fenatrape","status":"publish","type":"post","link":"https:\/\/radiocresatelital.com\/?p=7216","title":{"rendered":"Sesi\u00f3n Solemne de Inauguraci\u00f3n del XXXIII Congreso Ordinario de Federaci\u00f3n Nacional de Transporte Pesado de Ecuador \u2013FENATRAPE"},"content":{"rendered":"<p>Cuenca.-\u00a0El director ejecutivo de la Agencia Nacional de Tr\u00e1nsito \u2013ANT- Ernesto Varas Valdez, fue invitado a la Sesi\u00f3n Solemne de Inauguraci\u00f3n del XXXIII Congreso Ordinario de Federaci\u00f3n Nacional de Transporte Pesado de Ecuador \u2013FENATRAPE-,\u00a0 que se llev\u00f3 a cabo en el Hotel Oro Verde, de la ciudad de Cuenca.<\/p>\n<p>En su intervenci\u00f3n, el director ejecutivo de ANT, aprovech\u00f3 para felicitar al gremio, por haber mantenido la unidad y ser una muestra de progreso. Mencion\u00f3 la obligaci\u00f3n del Estado de emitir normas que faciliten el funcionamiento del desarrollo del pa\u00eds, como del sector estrat\u00e9gico que es la transportaci\u00f3n, y puntualiz\u00f3 que la actual administraci\u00f3n de la ANT, ha velado por la marcha efectiva, arm\u00f3nica, t\u00e9cnica y transparente, de sus regulados.<\/p>\n<p>Ernesto Varas, resalt\u00f3 que se han logrado resoluciones que aportan eficazmente a la transportaci\u00f3n ecuatoriana; y como muestra de ello, hizo entrega a la transportaci\u00f3n de carga pesada, de la Resoluci\u00f3n Nro. ANT-2023- 0565-R, que da paso a la realizaci\u00f3n de actividades conexas y complementarias, que permiten brindar un servicio de calidad, de acuerdo a las necesidades del usuario.<\/p>\n<p>Tambi\u00e9n hizo la entrega de la Resoluci\u00f3n 019- DIR- 2023-ANT, que contiene la metodolog\u00eda para la elaboraci\u00f3n del estudio de necesidad de la modalidad de transporte de carga pesada de Gal\u00e1pagos, la metodolog\u00eda permitir\u00e1 conocer la realidad de la oferta y\u00a0 la demanda del transporte en las islas, se puede garantizar su correcto manejo ambiental\u201d, subray\u00f3 la autoridad.<\/p>\n<p>El director ejecutivo de la ANT, finalmente, rindi\u00f3 un homenaje a FENATRAPE e inst\u00f3 a sus miembros a seguir colaborando con el eje productivo del pa\u00eds; reconociendo su importante aporte con la generaci\u00f3n de empleo.<\/p>\n<p>En el evento, adem\u00e1s se dieron cita autoridades p\u00fablicas y privadas del \u00e1mbito del tr\u00e1nsito y transporte terrestre, provincial y local, que saludaron la gesti\u00f3n de FENATRAPE.<\/p>\n","protected":false},"excerpt":{"rendered":"<p>Cuenca.-\u00a0El director ejecutivo de la Agencia Nacional de Tr\u00e1nsito \u2013ANT- Ernesto Varas Valdez, fue invitado a la Sesi\u00f3n Solemne de Inauguraci\u00f3n del XXXIII Congreso Ordinario de Federaci\u00f3n Nacional de Transporte Pesado de Ecuador \u2013FENATRAPE-,\u00a0 que se llev\u00f3 a cabo en el Hotel Oro Verde, de la ciudad de Cuenca. En su intervenci\u00f3n, el director ejecutivo [&hellip;]<\/p>\n","protected":false},"author":2,"featured_media":7217,"comment_status":"open","ping_status":"closed","sticky":false,"template":"","format":"standard","meta":{"_jetpack_memberships_contains_paid_content":false,"footnotes":""},"categories":[13],"tags":[1160,1234,1235],"class_list":["post-7216","post","type-post","status-publish","format-standard","has-post-thumbnail","hentry","category-noticias-nacionales","tag-agencia-nacional-de-transito","tag-federacion-nacional","tag-transporte-pesado-de-ecuador"],"jetpack_featured_media_url":"https:\/\/radiocresatelital.com\/wp-content\/uploads\/2023\/11\/b83889c1-9166-4aee-a6ac-f0c706a8fe12.jpeg","jetpack_sharing_enabled":true,"_links":{"self":[{"href":"https:\/\/radiocresatelital.com\/index.php?rest_route=\/wp\/v2\/posts\/7216","targetHints":{"allow":["GET"]}}],"collection":[{"href":"https:\/\/radiocresatelital.com\/index.php?rest_route=\/wp\/v2\/posts"}],"about":[{"href":"https:\/\/radiocresatelital.com\/index.php?rest_route=\/wp\/v2\/types\/post"}],"author":[{"embeddable":true,"href":"https:\/\/radiocresatelital.com\/index.php?rest_route=\/wp\/v2\/users\/2"}],"replies":[{"embeddable":true,"href":"https:\/\/radiocresatelital.com\/index.php?rest_route=%2Fwp%2Fv2%2Fcomments&post=7216"}],"version-history":[{"count":1,"href":"https:\/\/radiocresatelital.com\/index.php?rest_route=\/wp\/v2\/posts\/7216\/revisions"}],"predecessor-version":[{"id":7218,"href":"https:\/\/radiocresatelital.com\/index.php?rest_route=\/wp\/v2\/posts\/7216\/revisions\/7218"}],"wp:featuredmedia":[{"embeddable":true,"href":"https:\/\/radiocresatelital.com\/index.php?rest_route=\/wp\/v2\/media\/7217"}],"wp:attachment":[{"href":"https:\/\/radiocresatelital.com\/index.php?rest_route=%2Fwp%2Fv2%2Fmedia&parent=7216"}],"wp:term":[{"taxonomy":"category","embeddable":true,"href":"https:\/\/radiocresatelital.com\/index.php?rest_route=%2Fwp%2Fv2%2Fcategories&post=7216"},{"taxonomy":"post_tag","embeddable":true,"href":"https:\/\/radiocresatelital.com\/index.php?rest_route=%2Fwp%2Fv2%2Ftags&post=7216"}],"curies":[{"name":"wp","href":"https:\/\/api.w.org\/{rel}","templated":true}]}}