{"id":7196,"date":"2023-11-10T22:42:25","date_gmt":"2023-11-10T22:42:25","guid":{"rendered":"https:\/\/radiocresatelital.com\/?p=7196"},"modified":"2023-11-10T22:42:25","modified_gmt":"2023-11-10T22:42:25","slug":"director-de-ant-de-pichincha-participo-en-la-entrega-de-estrellas-de-seguridad-vial-a-varias-organizaciones-de-transporte-y-escuelas-de-conduccion","status":"publish","type":"post","link":"https:\/\/radiocresatelital.com\/?p=7196","title":{"rendered":"Director de ANT de Pichincha particip\u00f3 en la entrega de estrellas de seguridad vial a varias organizaciones de transporte y escuelas de conducci\u00f3n"},"content":{"rendered":"<p>Quito.- El director provincial de ANT de Pichincha, Jhonathan Carrera, junto a varias autoridades del Estado y de la empresa privada, asisti\u00f3 a la ceremonia de entrega de las \u201cEstrellas de Seguridad Vial, versi\u00f3n Ecuador\u201d, este es un reconocimiento a las personas y entidades que realizan una labor constante por la seguridad vial.<\/p>\n<p>En esta ocasi\u00f3n fue para representantes de escuelas de conducci\u00f3n profesionales, no profesionales, operadoras de transporte y conductores, por las buenas pr\u00e1cticas por la seguridad vial para salvar vidas en las v\u00edas y carreteras del pa\u00eds.<\/p>\n<p>En este sentido, Jhonathan Carrera, dijo que: \u201cgenerar una cultura de seguridad vial con \u00e9nfasis en la prevenci\u00f3n de siniestros de tr\u00e1nsito es el principal eje de acci\u00f3n de la Agencia Nacional de Tr\u00e1nsito, debemos estar conscientes que esta grave problem\u00e1tica cobra la vida de m\u00e1s de dos mil personas cada a\u00f1o.<\/p>\n<p>Recordemos las estad\u00edsticas, 1,3 millones de personas mueren al a\u00f1o en el mundo por siniestros de tr\u00e1nsito y en Ecuador es la s\u00e9ptima causa de muerte; esto puede sonar a n\u00fameros fr\u00edos, pero cada uno es un padre, una hija, un hermano que ya no est\u00e1 junto a su familia.<\/p>\n<p>Por esta raz\u00f3n, la articulaci\u00f3n entre actores viales, es una de las estrategias que logra resultados positivos que perduran en el tiempo\u201d, \u00a0remarc\u00f3 el director.<\/p>\n<p>La presidenta de la fundaci\u00f3n Karuna Corazones en el Cielo, Mar\u00eda del Carmen de la Torre, entreg\u00f3 las estrellas de Seguridad Vial a la Escuela de Conductores no Profesionales \u2013 ANETA,\u00a0 al Gerente General, Gorky Obando, al secretario general del Sindicato de Choferes Profesionales de Pichincha, Fabricio Vivanco Vergara, al gerente general de la Compa\u00f1\u00eda Trans Esmeraldas Internacional TEISA, Galo Cadena, al conductor y presidente de la Cooperativa Flor del Valle, Xavier Monteros y a la funcionaria de\u00a0 la ANT de Pichincha,\u00a0 Amparo Pillajo.<\/p>\n","protected":false},"excerpt":{"rendered":"<p>Quito.- El director provincial de ANT de Pichincha, Jhonathan Carrera, junto a varias autoridades del Estado y de la empresa privada, asisti\u00f3 a la ceremonia de entrega de las \u201cEstrellas de Seguridad Vial, versi\u00f3n Ecuador\u201d, este es un reconocimiento a las personas y entidades que realizan una labor constante por la seguridad vial. En esta [&hellip;]<\/p>\n","protected":false},"author":2,"featured_media":7197,"comment_status":"open","ping_status":"closed","sticky":false,"template":"","format":"standard","meta":{"_jetpack_memberships_contains_paid_content":false,"footnotes":""},"categories":[13],"tags":[1231],"class_list":["post-7196","post","type-post","status-publish","format-standard","has-post-thumbnail","hentry","category-noticias-nacionales","tag-ant-quito"],"jetpack_featured_media_url":"https:\/\/radiocresatelital.com\/wp-content\/uploads\/2023\/11\/6b5e3737-1bd0-47e2-a05f-73bd30b938e4.jpeg","jetpack_sharing_enabled":true,"_links":{"self":[{"href":"https:\/\/radiocresatelital.com\/index.php?rest_route=\/wp\/v2\/posts\/7196","targetHints":{"allow":["GET"]}}],"collection":[{"href":"https:\/\/radiocresatelital.com\/index.php?rest_route=\/wp\/v2\/posts"}],"about":[{"href":"https:\/\/radiocresatelital.com\/index.php?rest_route=\/wp\/v2\/types\/post"}],"author":[{"embeddable":true,"href":"https:\/\/radiocresatelital.com\/index.php?rest_route=\/wp\/v2\/users\/2"}],"replies":[{"embeddable":true,"href":"https:\/\/radiocresatelital.com\/index.php?rest_route=%2Fwp%2Fv2%2Fcomments&post=7196"}],"version-history":[{"count":1,"href":"https:\/\/radiocresatelital.com\/index.php?rest_route=\/wp\/v2\/posts\/7196\/revisions"}],"predecessor-version":[{"id":7198,"href":"https:\/\/radiocresatelital.com\/index.php?rest_route=\/wp\/v2\/posts\/7196\/revisions\/7198"}],"wp:featuredmedia":[{"embeddable":true,"href":"https:\/\/radiocresatelital.com\/index.php?rest_route=\/wp\/v2\/media\/7197"}],"wp:attachment":[{"href":"https:\/\/radiocresatelital.com\/index.php?rest_route=%2Fwp%2Fv2%2Fmedia&parent=7196"}],"wp:term":[{"taxonomy":"category","embeddable":true,"href":"https:\/\/radiocresatelital.com\/index.php?rest_route=%2Fwp%2Fv2%2Fcategories&post=7196"},{"taxonomy":"post_tag","embeddable":true,"href":"https:\/\/radiocresatelital.com\/index.php?rest_route=%2Fwp%2Fv2%2Ftags&post=7196"}],"curies":[{"name":"wp","href":"https:\/\/api.w.org\/{rel}","templated":true}]}}