{"id":7193,"date":"2023-11-10T20:00:54","date_gmt":"2023-11-10T20:00:54","guid":{"rendered":"https:\/\/radiocresatelital.com\/?p=7193"},"modified":"2023-11-10T22:14:39","modified_gmt":"2023-11-10T22:14:39","slug":"llego-la-navidad-a-mall-del-sur","status":"publish","type":"post","link":"https:\/\/radiocresatelital.com\/?p=7193","title":{"rendered":"Lleg\u00f3 la Navidad a Mall del Sur"},"content":{"rendered":"<p class=\"x_MsoNormal\">Guayaquil.- Mall del Sur dio oficialmente la bienvenida a la \u00e9poca m\u00e1s bella del a\u00f1o y celebr\u00f3 junto a sus clientes y visitantes que \u201cLleg\u00f3 la Navidad a Mall del Sur\u201d, un evento cargado de alegr\u00eda e ilusi\u00f3n,\u00a0 muy esperado por grandes y peque\u00f1os.<\/p>\n<p class=\"x_MsoNormal\">El p\u00fablico disfrut\u00f3 de un show en vivo que tuvo como anfitriona a la Palominha, ocurrido personaje que comparti\u00f3 su humor y arranc\u00f3 sonrisas entre los presentes, contando an\u00e9cdotas alusivas a la Navidad.<\/p>\n<p class=\"x_MsoNormal\">La magia tuvo su espacio con la puesta en escena del cl\u00e1sico cuento \u201cEl Cascanueces\u201d a cargo del cuerpo de baile de Danzas Jazz, mostrando un despliegue de ritmo y colores vibrantes, cautivando a la audiencia con cada detalle de la historia.<\/p>\n<p class=\"x_MsoNormal\">El punto c\u00faspide ocurri\u00f3 al arribo del querido personaje, Pap\u00e1 Noel quien lleg\u00f3 acompa\u00f1ado de Mam\u00e1 Noel y tuvo su momento para compartir con los ni\u00f1os y adultos congregados en la pileta central del centro comercial, cantando villancicos, destacando el verdadero sentido de la Navidad y dejando un gran mensaje de paz y uni\u00f3n familiar.<\/p>\n<p class=\"x_MsoNormal\">Como complemento, al t\u00e9rmino de la actividad, se llev\u00f3 a cabo la presentaci\u00f3n de un espect\u00e1culo musical en vivo para elevar m\u00e1s aun los \u00e1nimos de los asistentes, quienes disfrutaron de principio a fin cada una de las interpretaciones propuestas, entre melod\u00edas de la temporada y canciones variadas.<\/p>\n<p class=\"x_MsoNormal\">De esta manera Mall del Sur comparti\u00f3 momentos de gran emoci\u00f3n con su p\u00fablico a quien invita a seguir disfrutando de todas las novedades, promociones y m\u00e1s sorpresas que tendr\u00e1 para ofrecer en estas festividades.<\/p>\n<p class=\"x_MsoNormal\"><b>HORARIOS DE ATENCI\u00d3N<\/b><\/p>\n<p class=\"x_MsoNormal\">Lunes a s\u00e1bado de 10h00 a 21h00 (locales e islas) \u2013 10h00 a 22h00 (patio de comidas).<\/p>\n<p class=\"x_MsoNormal\">Domingo de 10h00 a 20h00 (locales e islas) \u2013 10h00 a 22h00 (patio de comidas).<\/p>\n","protected":false},"excerpt":{"rendered":"<p>Guayaquil.- Mall del Sur dio oficialmente la bienvenida a la \u00e9poca m\u00e1s bella del a\u00f1o y celebr\u00f3 junto a sus clientes y visitantes que \u201cLleg\u00f3 la Navidad a Mall del Sur\u201d, un evento cargado de alegr\u00eda e ilusi\u00f3n,\u00a0 muy esperado por grandes y peque\u00f1os. El p\u00fablico disfrut\u00f3 de un show en vivo que tuvo como [&hellip;]<\/p>\n","protected":false},"author":2,"featured_media":7194,"comment_status":"open","ping_status":"closed","sticky":false,"template":"","format":"standard","meta":{"_jetpack_memberships_contains_paid_content":false,"footnotes":""},"categories":[13],"tags":[246],"class_list":["post-7193","post","type-post","status-publish","format-standard","has-post-thumbnail","hentry","category-noticias-nacionales","tag-mall-del-sur"],"jetpack_featured_media_url":"https:\/\/radiocresatelital.com\/wp-content\/uploads\/2023\/11\/thumbnail_20231109_195224.jpg","jetpack_sharing_enabled":true,"_links":{"self":[{"href":"https:\/\/radiocresatelital.com\/index.php?rest_route=\/wp\/v2\/posts\/7193","targetHints":{"allow":["GET"]}}],"collection":[{"href":"https:\/\/radiocresatelital.com\/index.php?rest_route=\/wp\/v2\/posts"}],"about":[{"href":"https:\/\/radiocresatelital.com\/index.php?rest_route=\/wp\/v2\/types\/post"}],"author":[{"embeddable":true,"href":"https:\/\/radiocresatelital.com\/index.php?rest_route=\/wp\/v2\/users\/2"}],"replies":[{"embeddable":true,"href":"https:\/\/radiocresatelital.com\/index.php?rest_route=%2Fwp%2Fv2%2Fcomments&post=7193"}],"version-history":[{"count":1,"href":"https:\/\/radiocresatelital.com\/index.php?rest_route=\/wp\/v2\/posts\/7193\/revisions"}],"predecessor-version":[{"id":7195,"href":"https:\/\/radiocresatelital.com\/index.php?rest_route=\/wp\/v2\/posts\/7193\/revisions\/7195"}],"wp:featuredmedia":[{"embeddable":true,"href":"https:\/\/radiocresatelital.com\/index.php?rest_route=\/wp\/v2\/media\/7194"}],"wp:attachment":[{"href":"https:\/\/radiocresatelital.com\/index.php?rest_route=%2Fwp%2Fv2%2Fmedia&parent=7193"}],"wp:term":[{"taxonomy":"category","embeddable":true,"href":"https:\/\/radiocresatelital.com\/index.php?rest_route=%2Fwp%2Fv2%2Fcategories&post=7193"},{"taxonomy":"post_tag","embeddable":true,"href":"https:\/\/radiocresatelital.com\/index.php?rest_route=%2Fwp%2Fv2%2Ftags&post=7193"}],"curies":[{"name":"wp","href":"https:\/\/api.w.org\/{rel}","templated":true}]}}