{"id":7180,"date":"2023-11-10T21:10:46","date_gmt":"2023-11-10T21:10:46","guid":{"rendered":"https:\/\/radiocresatelital.com\/?p=7180"},"modified":"2023-11-10T21:10:46","modified_gmt":"2023-11-10T21:10:46","slug":"presidente-guillermo-lasso-cumple-su-compromiso-el-hospital-monte-sinai-alcanza-plena-operatividad","status":"publish","type":"post","link":"https:\/\/radiocresatelital.com\/?p=7180","title":{"rendered":"Presidente Guillermo Lasso cumple su compromiso: El Hospital Monte Sina\u00ed alcanza plena operatividad"},"content":{"rendered":"<p>Guayaquil.- El Hospital Monte Sina\u00ed, que ten\u00eda una capacidad operativa m\u00ednima a principios de a\u00f1o, ha alcanzado el 100 % de funcionamiento. La noticia fue anunciada por el presidente Guillermo Lasso este jueves, 10 de noviembre de 2023, como parte del compromiso gubernamental de fortalecer los servicios de salud a escala nacional.<\/p>\n<p>El plan integral de fortalecimiento del Hospital Monte Sina\u00ed cont\u00f3 con una inversi\u00f3n de 22,8 millones de d\u00f3lares, destinados a potenciar la infraestructura, servicios integrales, equipamiento y talento humano. \u201cCuando asumimos el gobierno, este hospital ten\u00eda 91 camas; nosotros lo dejaremos en 491 camas \u00a1Cinco veces m\u00e1s! Ten\u00eda 558 trabajadores de la salud, pero hoy tiene 1.835 \u00a1M\u00e1s del triple! En cuanto a especialidades, nosotros las aumentamos de 22 a 29, para ampliar la cobertura m\u00e9dica\u201d, resalt\u00f3 el Primer Mandatario.<\/p>\n<p>El ministro de Salud P\u00fablica, Jos\u00e9 Ruales, a\u00f1adi\u00f3 que este esfuerzo tambi\u00e9n se tradujo en el fortalecimiento de especialidades como ginecolog\u00eda, obstetricia, emergencia, consulta externa, cuidados intensivos y laboratorio. Asimismo, se llev\u00f3 a cabo la creaci\u00f3n de la unidad ambulatoria del adulto mayor y la unidad de cuidados cr\u00edticos pedi\u00e1tricos, junto con la implementaci\u00f3n de telemedicina.<\/p>\n<p>Tambi\u00e9n, se contrataron servicios de cirug\u00eda cardiotor\u00e1cica, pedi\u00e1trica, maxilofacial, unidad de quemados, y alergolog\u00eda. En cuanto al abastecimiento de medicina, se increment\u00f3 en un 80 % y en un 90 % en dispositivos m\u00e9dicos. \u201cAdem\u00e1s, hemos logrado integrar al hospital una red de servicios de salud con los 13 centros de salud de la zona, articulados y conectados con el Hospital Monte Sina\u00ed. Los centros de salud ahora pueden derivar y agendar la atenci\u00f3n de pacientes al hospital\u201d, inform\u00f3 Ruales.<\/p>\n<p>Durante su intervenci\u00f3n, el Presidente record\u00f3 que el pasado enero, durante la inauguraci\u00f3n de la v\u00eda de ingreso de 4,5 kil\u00f3metros al hospital, identific\u00f3 necesidades que se comprometi\u00f3 a resolver en el menor tiempo posible. Hoy, 938.000 habitantes de la zona se benefician no solo con una v\u00eda de acceso totalmente rehabilitada, sino tambi\u00e9n con \u201cun hospital bien equipado, con aire acondicionado, con personal para atender a miles de guayaquile\u00f1os, o de otros cantones\u201d, afirm\u00f3 el Jefe de Estado.<\/p>\n<p>Erlinda Paredes, quien dio a luz en el Hospital Monte Sina\u00ed, agradeci\u00f3 la calidad de atenci\u00f3n y calidez humana de los profesionales que laboran en la instituci\u00f3n. \u201cYa no hay que viajar fuera, aqu\u00ed lo tenemos todo\u201d, destac\u00f3.<\/p>\n<p>El acceso a atenci\u00f3n m\u00e9dica de calidad ha sido una prioridad en esta administraci\u00f3n tras recibir un sistema de salud descuidado. Por ello, desde mayo de 2021 se ha invertido 9.500 millones de d\u00f3lares en el sector. Este presupuesto permiti\u00f3 la entrega de cuatro nuevos hospitales, la compra de 186 ambulancias totalmente equipadas, repotenciaci\u00f3n, equipamiento y readecuaci\u00f3n de 600 centros de salud. Asimismo, se contrataron 10.000 nuevos profesionales en atenci\u00f3n m\u00e9dica.<\/p>\n","protected":false},"excerpt":{"rendered":"<p>Guayaquil.- El Hospital Monte Sina\u00ed, que ten\u00eda una capacidad operativa m\u00ednima a principios de a\u00f1o, ha alcanzado el 100 % de funcionamiento. La noticia fue anunciada por el presidente Guillermo Lasso este jueves, 10 de noviembre de 2023, como parte del compromiso gubernamental de fortalecer los servicios de salud a escala nacional. El plan integral [&hellip;]<\/p>\n","protected":false},"author":2,"featured_media":7181,"comment_status":"open","ping_status":"closed","sticky":false,"template":"","format":"standard","meta":{"_jetpack_memberships_contains_paid_content":false,"footnotes":""},"categories":[13],"tags":[236,338],"class_list":["post-7180","post","type-post","status-publish","format-standard","has-post-thumbnail","hentry","category-noticias-nacionales","tag-guillermo-lasso","tag-presidente-de-la-republica"],"jetpack_featured_media_url":"https:\/\/radiocresatelital.com\/wp-content\/uploads\/2023\/11\/53323224660_aa404813b3_c.jpg","jetpack_sharing_enabled":true,"_links":{"self":[{"href":"https:\/\/radiocresatelital.com\/index.php?rest_route=\/wp\/v2\/posts\/7180","targetHints":{"allow":["GET"]}}],"collection":[{"href":"https:\/\/radiocresatelital.com\/index.php?rest_route=\/wp\/v2\/posts"}],"about":[{"href":"https:\/\/radiocresatelital.com\/index.php?rest_route=\/wp\/v2\/types\/post"}],"author":[{"embeddable":true,"href":"https:\/\/radiocresatelital.com\/index.php?rest_route=\/wp\/v2\/users\/2"}],"replies":[{"embeddable":true,"href":"https:\/\/radiocresatelital.com\/index.php?rest_route=%2Fwp%2Fv2%2Fcomments&post=7180"}],"version-history":[{"count":1,"href":"https:\/\/radiocresatelital.com\/index.php?rest_route=\/wp\/v2\/posts\/7180\/revisions"}],"predecessor-version":[{"id":7182,"href":"https:\/\/radiocresatelital.com\/index.php?rest_route=\/wp\/v2\/posts\/7180\/revisions\/7182"}],"wp:featuredmedia":[{"embeddable":true,"href":"https:\/\/radiocresatelital.com\/index.php?rest_route=\/wp\/v2\/media\/7181"}],"wp:attachment":[{"href":"https:\/\/radiocresatelital.com\/index.php?rest_route=%2Fwp%2Fv2%2Fmedia&parent=7180"}],"wp:term":[{"taxonomy":"category","embeddable":true,"href":"https:\/\/radiocresatelital.com\/index.php?rest_route=%2Fwp%2Fv2%2Fcategories&post=7180"},{"taxonomy":"post_tag","embeddable":true,"href":"https:\/\/radiocresatelital.com\/index.php?rest_route=%2Fwp%2Fv2%2Ftags&post=7180"}],"curies":[{"name":"wp","href":"https:\/\/api.w.org\/{rel}","templated":true}]}}