{"id":7169,"date":"2023-11-09T23:32:31","date_gmt":"2023-11-09T23:32:31","guid":{"rendered":"https:\/\/radiocresatelital.com\/?p=7169"},"modified":"2023-11-09T23:32:31","modified_gmt":"2023-11-09T23:32:31","slug":"mas-de-300-asistentes-se-dieron-cita-a-la-mas-grande-feria-de-proveedores-realizada-en-guayaquil","status":"publish","type":"post","link":"https:\/\/radiocresatelital.com\/?p=7169","title":{"rendered":"M\u00e1s de 300 asistentes se dieron cita a la m\u00e1s grande Feria de Proveedores realizada en Guayaquil"},"content":{"rendered":"<p>Guayaquil.- Por primera vez, Cervecer\u00eda Nacional realiz\u00f3 la Expo Proveedores 2023, espacio que promovi\u00f3 el desarrollo econ\u00f3mico y social en su cadena de valor (emprendedores, proveedores, agricultores y colaboradores), e impuls\u00f3 la adopci\u00f3n de pr\u00e1cticas sostenibles; contribuyendo de manera activa a la generaci\u00f3n de empleo y al fortalecimiento del tejido empresarial. Durante este evento gratuito, participaron 50 proveedores en distintas categor\u00edas tales como: comercial, log\u00edstica, servicios empresariales, packaging, agro, entre otras.<\/p>\n<p>Desde 2019, esta iniciativa interna se ha consolidado como una plataforma s\u00f3lida que fomenta el crecimiento sostenible y el desarrollo de sus proveedores, generando oportunidades comerciales que pueden resultar en la expansi\u00f3n de sus operaciones y, por ende, en la creaci\u00f3n de empleo. Adem\u00e1s, se llevaron a cabo conferencias centradas en temas cruciales como acci\u00f3n clim\u00e1tica, neutralidad de carbono y el fortalecimiento de una cadena de valor sostenible. Estas conferencias ofrecieron a los asistentes la oportunidad de profundizar y aprender sobre las mejores pr\u00e1cticas en el camino hacia un futuro empresarial m\u00e1s responsable y sostenible.<\/p>\n<p>Fernando Elizalde, gerente de operaciones de Pl\u00e1sticos Panamericanos S.A (PLAPASA), coment\u00f3 durante el evento: \u201cnos llena de orgullo ser uno de los primeros proveedores de Cervecer\u00eda Nacional, desde 1969. Somos pioneros en la fabricaci\u00f3n de jabas en Ecuador, durante este largo camino hemos enfrentado retos constantes, apostando por la innovaci\u00f3n, la inversi\u00f3n y el desarrollo de nuevos productos que se adapten a los est\u00e1ndares globales y a las necesidades de nuestros clientes. Nuestra relaci\u00f3n con CN nos ha permitido crecer y evolucionar significativamente, comenzamos suministrando jabas, pero ahora ofrecemos mucho m\u00e1s, somos proveedores de material de empaque y productos que agregan valor a esta gran marca. Sabemos la importancia de la sostenibilidad, por ello, implementamos pr\u00e1cticas sostenibles que nos han llevado a obtener certificaciones ISO, SMETA e INEN, y contar con un enfoque riguroso en nuestros procesos internos y una mentalidad de mejora continua\u201d.<\/p>\n<p>\u201cEn Cervecer\u00eda Nacional, nuestro compromiso es claro: alcanzar cero emisiones de CO2 en toda nuestra cadena de valor hasta el 2040. La Expo Proveedores 2023 es el reflejo de nuestra firme determinaci\u00f3n para cumplir con esta meta, representa una oportunidad invaluable para explorar de cerca las capacidades, innovaciones y productos de nuestros colaboradores, estimulando as\u00ed<\/p>\n<p>al desarrollo y generaci\u00f3n de espacios de colaboraci\u00f3n, donde compartimos experiencias y conocimientos que nos permitan, juntos, avanzar hacia un mundo libre de emisiones de carbono\u201d, se\u00f1al\u00f3 Juan Carlos V\u00e1sconez, vicepresidente de compras y sostenibilidad de Cervecer\u00eda Nacional.<\/p>\n<p>A trav\u00e9s de esta iniciativa, Cervecer\u00eda Nacional refuerza su compromiso de liderar la sostenibilidad en toda su cadena de valor y de ser un catalizador para el crecimiento empresarial en Ecuador, respaldando proyectos e iniciativas que contribuyen a este prop\u00f3sito.<\/p>\n","protected":false},"excerpt":{"rendered":"<p>Guayaquil.- Por primera vez, Cervecer\u00eda Nacional realiz\u00f3 la Expo Proveedores 2023, espacio que promovi\u00f3 el desarrollo econ\u00f3mico y social en su cadena de valor (emprendedores, proveedores, agricultores y colaboradores), e impuls\u00f3 la adopci\u00f3n de pr\u00e1cticas sostenibles; contribuyendo de manera activa a la generaci\u00f3n de empleo y al fortalecimiento del tejido empresarial. Durante este evento gratuito, [&hellip;]<\/p>\n","protected":false},"author":2,"featured_media":7171,"comment_status":"open","ping_status":"closed","sticky":false,"template":"","format":"standard","meta":{"_jetpack_memberships_contains_paid_content":false,"footnotes":""},"categories":[13],"tags":[1064],"class_list":["post-7169","post","type-post","status-publish","format-standard","has-post-thumbnail","hentry","category-noticias-nacionales","tag-cerveceria-nacional"],"jetpack_featured_media_url":"https:\/\/radiocresatelital.com\/wp-content\/uploads\/2023\/11\/thumbnail_DSC04830edit.jpg","jetpack_sharing_enabled":true,"_links":{"self":[{"href":"https:\/\/radiocresatelital.com\/index.php?rest_route=\/wp\/v2\/posts\/7169","targetHints":{"allow":["GET"]}}],"collection":[{"href":"https:\/\/radiocresatelital.com\/index.php?rest_route=\/wp\/v2\/posts"}],"about":[{"href":"https:\/\/radiocresatelital.com\/index.php?rest_route=\/wp\/v2\/types\/post"}],"author":[{"embeddable":true,"href":"https:\/\/radiocresatelital.com\/index.php?rest_route=\/wp\/v2\/users\/2"}],"replies":[{"embeddable":true,"href":"https:\/\/radiocresatelital.com\/index.php?rest_route=%2Fwp%2Fv2%2Fcomments&post=7169"}],"version-history":[{"count":1,"href":"https:\/\/radiocresatelital.com\/index.php?rest_route=\/wp\/v2\/posts\/7169\/revisions"}],"predecessor-version":[{"id":7172,"href":"https:\/\/radiocresatelital.com\/index.php?rest_route=\/wp\/v2\/posts\/7169\/revisions\/7172"}],"wp:featuredmedia":[{"embeddable":true,"href":"https:\/\/radiocresatelital.com\/index.php?rest_route=\/wp\/v2\/media\/7171"}],"wp:attachment":[{"href":"https:\/\/radiocresatelital.com\/index.php?rest_route=%2Fwp%2Fv2%2Fmedia&parent=7169"}],"wp:term":[{"taxonomy":"category","embeddable":true,"href":"https:\/\/radiocresatelital.com\/index.php?rest_route=%2Fwp%2Fv2%2Fcategories&post=7169"},{"taxonomy":"post_tag","embeddable":true,"href":"https:\/\/radiocresatelital.com\/index.php?rest_route=%2Fwp%2Fv2%2Ftags&post=7169"}],"curies":[{"name":"wp","href":"https:\/\/api.w.org\/{rel}","templated":true}]}}