{"id":7062,"date":"2023-11-07T23:41:07","date_gmt":"2023-11-07T23:41:07","guid":{"rendered":"https:\/\/radiocresatelital.com\/?p=7062"},"modified":"2023-11-07T23:41:07","modified_gmt":"2023-11-07T23:41:07","slug":"atletico-de-madrid-destrozo-al-celtic-con-marcador-de-tenis-por-liga-de-campeones","status":"publish","type":"post","link":"https:\/\/radiocresatelital.com\/?p=7062","title":{"rendered":"Atl\u00e9tico de Madrid destroz\u00f3 al Celtic con marcador de tenis por Liga de Campeones"},"content":{"rendered":"<p class=\"text__text__1FZLe text__dark-grey__3Ml43 text__regular__2N1Xr text__small__1kGq2 body__full_width__ekUdw body__small_body__2vQyf article-body__paragraph__2-BtD\" data-testid=\"paragraph-0\"><span>Madrid.- Antoine Griezmann y \u00c1lvaro Morata jugadores del Atl\u00e9tico de Madrid conquistaron dos de las seis anotaciones que marcaron en el triunfo 6 a 0 ante el Celtic por la Liga de Campeones colocando a los espa\u00f1oles en la cima del Grupo E.<\/span><\/p>\n<p class=\"text__text__1FZLe text__dark-grey__3Ml43 text__regular__2N1Xr text__small__1kGq2 body__full_width__ekUdw body__small_body__2vQyf article-body__paragraph__2-BtD\" data-testid=\"paragraph-1\"><span>El Atl\u00e9tico tuvo un buen comienzo y Griezmann abri\u00f3 el marcador en el minuto seis, con un disparo raso desde el borde del \u00e1rea.<\/span><\/p>\n<p class=\"text__text__1FZLe text__dark-grey__3Ml43 text__regular__2N1Xr text__small__1kGq2 body__full_width__ekUdw body__small_body__2vQyf article-body__paragraph__2-BtD\" data-testid=\"paragraph-2\"><span>Luego, el Celtic se qued\u00f3 con 10 hombres cuando el delantero Daizen Maeda recibi\u00f3 una tarjeta roja directa por una entrada al defensa del Atl\u00e9tico Mario Hermoso en el minuto 23.<\/span><\/p>\n<div class=\"article-body__element__2p5pI\">\n<div class=\"spacing-container__container__2g5QT spacing-container__t-spacing-single-three-quarters__2_moJ spacing-container__b-spacing-single-three-quarters__1fuBK spacing-container__max-width__zScFd\" data-testid=\"ResponsiveAdSlot\">\n<div class=\"ad-slot__container__FEnoz ad-slot__fixed-height__6m70D\">\n<div class=\"ad-slot__inner__2u45U\">\n<div>\n<div id=\"reuters_desktop_native_1\" class=\"ad-slot__slot__2lKAK\">Algunas buenas paradas del veterano portero del Celtic, Joe Hart, tras disparos a corta distancia, los mantuvieron en el partido y los visitantes casi lograron el sorprendente empate en el minuto 28.<\/div>\n<\/div>\n<\/div>\n<\/div>\n<\/div>\n<\/div>\n<p class=\"text__text__1FZLe text__dark-grey__3Ml43 text__regular__2N1Xr text__small__1kGq2 body__full_width__ekUdw body__small_body__2vQyf article-body__paragraph__2-BtD\" data-testid=\"paragraph-4\"><span>El portero del Atl\u00e9tico, Jan Oblak, hizo una impresionante parada con una mano para negar lo que habr\u00eda sido un c\u00f3mico autogol de Morata mientras intentaba despejar un c\u00f3rner desde dentro del \u00e1rea chica del Atl\u00e9tico.<\/span><\/p>\n<p class=\"text__text__1FZLe text__dark-grey__3Ml43 text__regular__2N1Xr text__small__1kGq2 body__full_width__ekUdw body__small_body__2vQyf article-body__paragraph__2-BtD\" data-testid=\"paragraph-5\"><span>Morata hizo las paces en el tiempo a\u00f1adido antes del descanso, cuando Griezmann encontr\u00f3 a Jos\u00e9 Mar\u00eda Gim\u00e9nez con un brillante centro desde la banda derecha hasta el \u00e1ngulo m\u00e1s lejano y cabece\u00f3 al capit\u00e1n de Espa\u00f1a para que marcara.<\/span><\/p>\n<div class=\"article-body__element__2p5pI\">\n<div class=\"spacing-container__container__2g5QT spacing-container__t-spacing-single-three-quarters__2_moJ spacing-container__b-spacing-single-three-quarters__1fuBK spacing-container__max-width__zScFd\" data-testid=\"ResponsiveAdSlot\">\n<div class=\"ad-slot__container__FEnoz ad-slot__fixed-height__6m70D\">\n<div class=\"ad-slot__inner__2u45U\">\n<div>\n<div id=\"reuters_desktop_native_2\" class=\"ad-slot__slot__2lKAK\">El jugador del partido, Griezmann, anot\u00f3 el tercero con una volea acrob\u00e1tica en el minuto 60 y el suplente Samuel Lino anot\u00f3 el cuarto con un fino disparo curvado hacia la esquina superior izquierda seis minutos despu\u00e9s.<\/div>\n<\/div>\n<\/div>\n<\/div>\n<\/div>\n<\/div>\n<p class=\"text__text__1FZLe text__dark-grey__3Ml43 text__regular__2N1Xr text__small__1kGq2 body__full_width__ekUdw body__small_body__2vQyf article-body__paragraph__2-BtD\" data-testid=\"paragraph-7\"><span>Morata dispar\u00f3 imparable tras un rebote en el minuto 76 y Sa\u00fal \u00d1\u00edguez cerr\u00f3 el marcador desde corta distancia en el 85.<\/span><\/p>\n<p class=\"text__text__1FZLe text__dark-grey__3Ml43 text__regular__2N1Xr text__small__1kGq2 body__full_width__ekUdw body__small_body__2vQyf article-body__paragraph__2-BtD\" data-testid=\"paragraph-8\"><span>\u00abClaro, la tarjeta roja nos dio ventaja, pero hab\u00edamos empezado el partido arriba, marcamos temprano, algo que \u00faltimamente est\u00e1bamos teniendo dificultades para hacer\u00bb, dijo Griezmann a Movistar Plus.<\/span><\/p>\n<div class=\"article-body__element__2p5pI\">\n<div class=\"spacing-container__container__2g5QT spacing-container__t-spacing-single-three-quarters__2_moJ spacing-container__b-spacing-single-three-quarters__1fuBK spacing-container__max-width__zScFd\" data-testid=\"ResponsiveAdSlot\">\n<div class=\"ad-slot__container__FEnoz ad-slot__fixed-height__6m70D\">\n<div class=\"ad-slot__inner__2u45U\">\n<div>\n<div id=\"reuters_desktop_native_3\" class=\"ad-slot__slot__2lKAK\">\u00abTenemos que seguir as\u00ed. Respecto a nuestros rivales, intentamos jugar lo mejor que pudimos, marcar tantos goles como pudimos y no hacer nada est\u00fapido o irrespetuoso\u00bb.<\/div>\n<\/div>\n<\/div>\n<\/div>\n<\/div>\n<\/div>\n<p class=\"text__text__1FZLe text__dark-grey__3Ml43 text__regular__2N1Xr text__small__1kGq2 body__full_width__ekUdw body__small_body__2vQyf article-body__paragraph__2-BtD\" data-testid=\"paragraph-10\"><span>El Atl\u00e9tico encabez\u00f3 el Grupo E con ocho puntos a falta de dos partidos, un punto por delante de la Lazio, segunda clasificada, que venci\u00f3 al Feyenoord 1-0 el martes.<\/span><\/p>\n<p class=\"text__text__1FZLe text__dark-grey__3Ml43 text__regular__2N1Xr text__small__1kGq2 body__full_width__ekUdw body__small_body__2vQyf article-body__paragraph__2-BtD\" data-testid=\"paragraph-11\"><span>El equipo holand\u00e9s es tercero con seis puntos y el Celtic colista con un punto.<\/span><\/p>\n","protected":false},"excerpt":{"rendered":"<p>Madrid.- Antoine Griezmann y \u00c1lvaro Morata jugadores del Atl\u00e9tico de Madrid conquistaron dos de las seis anotaciones que marcaron en el triunfo 6 a 0 ante el Celtic por la Liga de Campeones colocando a los espa\u00f1oles en la cima del Grupo E. El Atl\u00e9tico tuvo un buen comienzo y Griezmann abri\u00f3 el marcador en [&hellip;]<\/p>\n","protected":false},"author":2,"featured_media":7063,"comment_status":"open","ping_status":"closed","sticky":false,"template":"","format":"standard","meta":{"_jetpack_memberships_contains_paid_content":false,"footnotes":""},"categories":[7,824],"tags":[673],"class_list":["post-7062","post","type-post","status-publish","format-standard","has-post-thumbnail","hentry","category-futbol-internacional","category-liga-de-campeones","tag-liga-de-campeones"],"jetpack_featured_media_url":"https:\/\/radiocresatelital.com\/wp-content\/uploads\/2023\/11\/2203_ATM_ficha_1920x1080.jpg","jetpack_sharing_enabled":true,"_links":{"self":[{"href":"https:\/\/radiocresatelital.com\/index.php?rest_route=\/wp\/v2\/posts\/7062","targetHints":{"allow":["GET"]}}],"collection":[{"href":"https:\/\/radiocresatelital.com\/index.php?rest_route=\/wp\/v2\/posts"}],"about":[{"href":"https:\/\/radiocresatelital.com\/index.php?rest_route=\/wp\/v2\/types\/post"}],"author":[{"embeddable":true,"href":"https:\/\/radiocresatelital.com\/index.php?rest_route=\/wp\/v2\/users\/2"}],"replies":[{"embeddable":true,"href":"https:\/\/radiocresatelital.com\/index.php?rest_route=%2Fwp%2Fv2%2Fcomments&post=7062"}],"version-history":[{"count":1,"href":"https:\/\/radiocresatelital.com\/index.php?rest_route=\/wp\/v2\/posts\/7062\/revisions"}],"predecessor-version":[{"id":7064,"href":"https:\/\/radiocresatelital.com\/index.php?rest_route=\/wp\/v2\/posts\/7062\/revisions\/7064"}],"wp:featuredmedia":[{"embeddable":true,"href":"https:\/\/radiocresatelital.com\/index.php?rest_route=\/wp\/v2\/media\/7063"}],"wp:attachment":[{"href":"https:\/\/radiocresatelital.com\/index.php?rest_route=%2Fwp%2Fv2%2Fmedia&parent=7062"}],"wp:term":[{"taxonomy":"category","embeddable":true,"href":"https:\/\/radiocresatelital.com\/index.php?rest_route=%2Fwp%2Fv2%2Fcategories&post=7062"},{"taxonomy":"post_tag","embeddable":true,"href":"https:\/\/radiocresatelital.com\/index.php?rest_route=%2Fwp%2Fv2%2Ftags&post=7062"}],"curies":[{"name":"wp","href":"https:\/\/api.w.org\/{rel}","templated":true}]}}