{"id":7041,"date":"2023-11-07T22:35:38","date_gmt":"2023-11-07T22:35:38","guid":{"rendered":"https:\/\/radiocresatelital.com\/?p=7041"},"modified":"2023-11-07T22:35:38","modified_gmt":"2023-11-07T22:35:38","slug":"alemania-y-suiza-apoyan-a-ecuador-en-fomento-a-la-innovacion","status":"publish","type":"post","link":"https:\/\/radiocresatelital.com\/?p=7041","title":{"rendered":"Alemania y Suiza apoyan a Ecuador en fomento a la innovaci\u00f3n"},"content":{"rendered":"<p>Quito.- En Ecuador, la innovaci\u00f3n es uno de los retos pendientes. Con el fin de alcanzar mayor competitividad y, por ende, optimizar niveles de desarrollo, los pa\u00edses se unen a la carrera de innovar. Alemania y Suiza son naciones que lideran en innovaci\u00f3n a escala global: ambos est\u00e1n en el top 10 de pa\u00edses innovadores en el mundo, y su cooperaci\u00f3n es fundamental para impulsar el futuro.<\/p>\n<p>El 25 de octubre de 2023, la C\u00e1mara Ecuatoriano-Alemana, en conjunto con la C\u00e1mara Ecuatoriano-Suiza, entidades p\u00fablicas, privadas y acad\u00e9micas, desarroll\u00f3 el II Foro Internacional de Innovaci\u00f3n y Productividad, en el campus UDLA Ekopark.<\/p>\n<p>Durante el encuentro, que cont\u00f3 con la presencia y participaci\u00f3n de m\u00e1s de 200 personas entre acad\u00e9micos, empresarios, y expertos de talla nacional e internacional, se expusieron los principales retos y experiencias que marcan el camino de Ecuador para convertirse en un pa\u00eds innovador, particularmente en salud, biotecnolog\u00eda, energ\u00eda, movilidad e infraestructura.<\/p>\n<p>Considerando que la inversi\u00f3n en Ecuador, en innovaci\u00f3n, bordea los USD 200 mil millones para salud y biotecnolog\u00eda, y USD 440 mil millones para movilidad, energ\u00eda e infraestructura, las C\u00e1maras de Comercio de Alemania y Suiza han identificado los desaf\u00edos alrededor de estos sectores econ\u00f3micos e impulsan el ecosistema de innovaci\u00f3n con la ayuda de empresas auspiciantes y aliados estrat\u00e9gicos.<\/p>\n","protected":false},"excerpt":{"rendered":"<p>Quito.- En Ecuador, la innovaci\u00f3n es uno de los retos pendientes. Con el fin de alcanzar mayor competitividad y, por ende, optimizar niveles de desarrollo, los pa\u00edses se unen a la carrera de innovar. Alemania y Suiza son naciones que lideran en innovaci\u00f3n a escala global: ambos est\u00e1n en el top 10 de pa\u00edses innovadores [&hellip;]<\/p>\n","protected":false},"author":2,"featured_media":7042,"comment_status":"open","ping_status":"closed","sticky":false,"template":"","format":"standard","meta":{"_jetpack_memberships_contains_paid_content":false,"footnotes":""},"categories":[13],"tags":[1203],"class_list":["post-7041","post","type-post","status-publish","format-standard","has-post-thumbnail","hentry","category-noticias-nacionales","tag-camara-ecuatoriano-alemana"],"jetpack_featured_media_url":"https:\/\/radiocresatelital.com\/wp-content\/uploads\/2023\/11\/fb43c4fb-a266-4879-ab62-c517c3e5883f.jpeg","jetpack_sharing_enabled":true,"_links":{"self":[{"href":"https:\/\/radiocresatelital.com\/index.php?rest_route=\/wp\/v2\/posts\/7041","targetHints":{"allow":["GET"]}}],"collection":[{"href":"https:\/\/radiocresatelital.com\/index.php?rest_route=\/wp\/v2\/posts"}],"about":[{"href":"https:\/\/radiocresatelital.com\/index.php?rest_route=\/wp\/v2\/types\/post"}],"author":[{"embeddable":true,"href":"https:\/\/radiocresatelital.com\/index.php?rest_route=\/wp\/v2\/users\/2"}],"replies":[{"embeddable":true,"href":"https:\/\/radiocresatelital.com\/index.php?rest_route=%2Fwp%2Fv2%2Fcomments&post=7041"}],"version-history":[{"count":1,"href":"https:\/\/radiocresatelital.com\/index.php?rest_route=\/wp\/v2\/posts\/7041\/revisions"}],"predecessor-version":[{"id":7043,"href":"https:\/\/radiocresatelital.com\/index.php?rest_route=\/wp\/v2\/posts\/7041\/revisions\/7043"}],"wp:featuredmedia":[{"embeddable":true,"href":"https:\/\/radiocresatelital.com\/index.php?rest_route=\/wp\/v2\/media\/7042"}],"wp:attachment":[{"href":"https:\/\/radiocresatelital.com\/index.php?rest_route=%2Fwp%2Fv2%2Fmedia&parent=7041"}],"wp:term":[{"taxonomy":"category","embeddable":true,"href":"https:\/\/radiocresatelital.com\/index.php?rest_route=%2Fwp%2Fv2%2Fcategories&post=7041"},{"taxonomy":"post_tag","embeddable":true,"href":"https:\/\/radiocresatelital.com\/index.php?rest_route=%2Fwp%2Fv2%2Ftags&post=7041"}],"curies":[{"name":"wp","href":"https:\/\/api.w.org\/{rel}","templated":true}]}}