{"id":7029,"date":"2023-11-07T20:52:00","date_gmt":"2023-11-07T20:52:00","guid":{"rendered":"https:\/\/radiocresatelital.com\/?p=7029"},"modified":"2023-11-07T20:52:00","modified_gmt":"2023-11-07T20:52:00","slug":"en-ecuador-mas-de-250-mil-ninas-y-ninos-menores-de-dos-anos-reciben-suplementos-de-micronutrientes-en-establecimientos-de-salud","status":"publish","type":"post","link":"https:\/\/radiocresatelital.com\/?p=7029","title":{"rendered":"En Ecuador m\u00e1s de 250 mil ni\u00f1as y ni\u00f1os menores de dos a\u00f1os reciben suplementos de micronutrientes en establecimientos de salud"},"content":{"rendered":"<p>Quito.-\u00a0El Ministerio de Salud P\u00fablica (MSP), en el marco de la Estrategia Nacional Ecuador Crece Sin Desnutrici\u00f3n Infantil (ENECSDI), realiz\u00f3 la compra y distribuci\u00f3n de 6 millones de unidades de suplementos de micronutrientes que fueron entregados a m\u00e1s de 250 mil ni\u00f1as y ni\u00f1os menores de dos a\u00f1os en establecimientos de salud de primer nivel de atenci\u00f3n. El monto de esta inversi\u00f3n ascendi\u00f3 a m\u00e1s de 2.4 millones de d\u00f3lares.<\/p>\n<p>Esta adquisici\u00f3n tiene el prop\u00f3sito de dar cumplimiento al paquete priorizado de bienes y servicios que incluye la prestaci\u00f3n de entrega de suplementos que contribuyen a mejorar el estado de salud de la poblaci\u00f3n infantil menor de dos a\u00f1os previniendo las carencias nutricionales.<\/p>\n<p>El d\u00e9ficit de micronutrientes es un problema de salud p\u00fablica global y que afecta tambi\u00e9n a la poblaci\u00f3n ecuatoriana. La entrega de estos suplementos es una estrategia costo-efectiva que beneficia a la salud de las ni\u00f1as y ni\u00f1os menores de dos a\u00f1os y previene problemas asociados a deficiencias nutricionales.<\/p>\n<p>La entrega de micronutrientes se realiza en los establecimientos de salud donde acuden madres, padres o personas a cargo del cuidado de los ni\u00f1as y ni\u00f1os para recibir las prestaciones de salud, entre ellas, el control de ni\u00f1o sano de acuerdo a la edad.<\/p>\n<p>Los suplementos de micronutrientes contribuyen a la prevenci\u00f3n de malnutrici\u00f3n, fortalecen el sistema inmunol\u00f3gico para prevenir enfermedades, y apoyan el adecuado crecimiento, desarrollo f\u00edsico y mental durante los primeros a\u00f1os de vida de ni\u00f1as y ni\u00f1os.<\/p>\n<p>El Ministerio de Salud P\u00fablica contin\u00faa fortaleciendo las atenciones de salud en gestantes, ni\u00f1as y ni\u00f1os menores de 2 a\u00f1os de edad para prevenir y reducir la Desnutrici\u00f3n Cr\u00f3nica Infantil.<\/p>\n","protected":false},"excerpt":{"rendered":"<p>Quito.-\u00a0El Ministerio de Salud P\u00fablica (MSP), en el marco de la Estrategia Nacional Ecuador Crece Sin Desnutrici\u00f3n Infantil (ENECSDI), realiz\u00f3 la compra y distribuci\u00f3n de 6 millones de unidades de suplementos de micronutrientes que fueron entregados a m\u00e1s de 250 mil ni\u00f1as y ni\u00f1os menores de dos a\u00f1os en establecimientos de salud de primer nivel [&hellip;]<\/p>\n","protected":false},"author":2,"featured_media":7030,"comment_status":"open","ping_status":"closed","sticky":false,"template":"","format":"standard","meta":{"_jetpack_memberships_contains_paid_content":false,"footnotes":""},"categories":[13],"tags":[148],"class_list":["post-7029","post","type-post","status-publish","format-standard","has-post-thumbnail","hentry","category-noticias-nacionales","tag-ministerio-de-salud-publica"],"jetpack_featured_media_url":"https:\/\/radiocresatelital.com\/wp-content\/uploads\/2023\/11\/WhatsApp-Image-2023-11-07-at-15.41.55-1-1536x1023-1.jpeg","jetpack_sharing_enabled":true,"_links":{"self":[{"href":"https:\/\/radiocresatelital.com\/index.php?rest_route=\/wp\/v2\/posts\/7029","targetHints":{"allow":["GET"]}}],"collection":[{"href":"https:\/\/radiocresatelital.com\/index.php?rest_route=\/wp\/v2\/posts"}],"about":[{"href":"https:\/\/radiocresatelital.com\/index.php?rest_route=\/wp\/v2\/types\/post"}],"author":[{"embeddable":true,"href":"https:\/\/radiocresatelital.com\/index.php?rest_route=\/wp\/v2\/users\/2"}],"replies":[{"embeddable":true,"href":"https:\/\/radiocresatelital.com\/index.php?rest_route=%2Fwp%2Fv2%2Fcomments&post=7029"}],"version-history":[{"count":1,"href":"https:\/\/radiocresatelital.com\/index.php?rest_route=\/wp\/v2\/posts\/7029\/revisions"}],"predecessor-version":[{"id":7031,"href":"https:\/\/radiocresatelital.com\/index.php?rest_route=\/wp\/v2\/posts\/7029\/revisions\/7031"}],"wp:featuredmedia":[{"embeddable":true,"href":"https:\/\/radiocresatelital.com\/index.php?rest_route=\/wp\/v2\/media\/7030"}],"wp:attachment":[{"href":"https:\/\/radiocresatelital.com\/index.php?rest_route=%2Fwp%2Fv2%2Fmedia&parent=7029"}],"wp:term":[{"taxonomy":"category","embeddable":true,"href":"https:\/\/radiocresatelital.com\/index.php?rest_route=%2Fwp%2Fv2%2Fcategories&post=7029"},{"taxonomy":"post_tag","embeddable":true,"href":"https:\/\/radiocresatelital.com\/index.php?rest_route=%2Fwp%2Fv2%2Ftags&post=7029"}],"curies":[{"name":"wp","href":"https:\/\/api.w.org\/{rel}","templated":true}]}}