{"id":7026,"date":"2023-11-07T20:48:01","date_gmt":"2023-11-07T20:48:01","guid":{"rendered":"https:\/\/radiocresatelital.com\/?p=7026"},"modified":"2023-11-07T20:48:53","modified_gmt":"2023-11-07T20:48:53","slug":"pregon-civico-cultural-marco-inicio-de-celebracion-por-los-203-anos-de-la-provincia-del-guayas","status":"publish","type":"post","link":"https:\/\/radiocresatelital.com\/?p=7026","title":{"rendered":"Preg\u00f3n C\u00edvico Cultural marc\u00f3 inicio de celebraci\u00f3n por los 203 a\u00f1os de la Provincia del Guayas"},"content":{"rendered":"<p>Guayaquil.- Estudiantes de planteles secundarios de Guayaquil rindieron homenaje a los 203 a\u00f1os de creaci\u00f3n de la Provincia Libre de Guayaquil, hoy provincia del Guayas, durante el Preg\u00f3n C\u00edvico Cultural que lider\u00f3 la prefecta Marcela Agui\u00f1aga en el Hemiciclo La Rotonda.<\/p>\n<p>Con ello, la Prefectura Ciudadana del Guayas cumple con un programa de festejos por el nacimiento de la provincia, hecho acaecido el 8 de noviembre de 1820.<\/p>\n<p>Al conmemorar este hito hist\u00f3rico en la vida de la provincia, la prefecta Marcela Agui\u00f1aga expres\u00f3 su profunda gratitud hacia esta tierra que es el hogar de los guayasenses.<\/p>\n<p>\u201cHoy no solo reconocemos el pasado, hoy hacemos un compromiso con el presente y con el futuro. Nuestro compromiso es trabajar por nuestra gente, por su desarrollo, que en Guayas reviva la seguridad y tambi\u00e9n que los niveles de desigualdad sean cada vez menores\u201d, dijo la ejecutiva provincial.<\/p>\n<p>Le correspondi\u00f3 al historiador Miguel Cantos presentar una rese\u00f1a hist\u00f3rica de la gesta iniciada el 9 de octubre de 1820 con la Independencia de Guayaquil, continu\u00f3 el 8 de noviembre de 1820 con la creaci\u00f3n de la Provincia Libre de Guayaquil (hoy provincia del Guayas) y culmin\u00f3 el 24 de mayo de 1822 con la Batalla del Pichincha.<\/p>\n<p>Brigadas c\u00edvicas con las banderas de los 25 cantones y de los estandartes del Ecuador, Guayas y Guayaquil participaron del acto a los acordes de la banda de guerra de la Unidad Educativa Altamar, as\u00ed como alumnos de los planteles 24 de Mayo, Speedwriting, La Florida, Huancavilca, Instituto Coello e Instituto Su\u00e1rez.<\/p>\n<p>La agenda de actividades por los 203 a\u00f1os de la Prefectura Ciudadana del Guayas continuar\u00e1 este mi\u00e9rcoles 8 de noviembre, a las 08:00, con la colocaci\u00f3n de una ofrenda floral en la Columna de los Pr\u00f3ceres. A las 10:30, la prefecta Marcela Agui\u00f1aga inaugurar\u00e1 la v\u00eda General G\u00f3mez-La Condencia, de 8,5 kil\u00f3metros de extensi\u00f3n, que une a Daule con Samborond\u00f3n. A las 18:00, en la Explanada del Centro C\u00edvico se realizar\u00e1 la Sesi\u00f3n Solemne.<\/p>\n<p><strong>AGENDA MI\u00c9RCOLES 8 DE NOVIEMBRE 2023<\/strong><br \/>\n08h00 locales (13h00 GMT) Ofrenda Floral, Parque del Centenario-Columna de los Pr\u00f3ceres<br \/>\n10h30 locales (15h30 GMT) Inauguraci\u00f3n de la v\u00eda General G\u00f3mez-La Condencia (Daule-Samborond\u00f3n)<br \/>\n18h00 locales (23h00 GMT) Sesi\u00f3n Solemne por los 203 a\u00f1os del Guayas, Explanada del Centro C\u00edvico.<\/p>\n","protected":false},"excerpt":{"rendered":"<p>Guayaquil.- Estudiantes de planteles secundarios de Guayaquil rindieron homenaje a los 203 a\u00f1os de creaci\u00f3n de la Provincia Libre de Guayaquil, hoy provincia del Guayas, durante el Preg\u00f3n C\u00edvico Cultural que lider\u00f3 la prefecta Marcela Agui\u00f1aga en el Hemiciclo La Rotonda. Con ello, la Prefectura Ciudadana del Guayas cumple con un programa de festejos por [&hellip;]<\/p>\n","protected":false},"author":2,"featured_media":7027,"comment_status":"open","ping_status":"closed","sticky":false,"template":"","format":"standard","meta":{"_jetpack_memberships_contains_paid_content":false,"footnotes":""},"categories":[13],"tags":[415],"class_list":["post-7026","post","type-post","status-publish","format-standard","has-post-thumbnail","hentry","category-noticias-nacionales","tag-prefectura-ciudadana-del-guayas"],"jetpack_featured_media_url":"https:\/\/radiocresatelital.com\/wp-content\/uploads\/2023\/11\/WhatsApp-Image-2023-11-07-at-14.31.28-1-scaled.jpeg","jetpack_sharing_enabled":true,"_links":{"self":[{"href":"https:\/\/radiocresatelital.com\/index.php?rest_route=\/wp\/v2\/posts\/7026","targetHints":{"allow":["GET"]}}],"collection":[{"href":"https:\/\/radiocresatelital.com\/index.php?rest_route=\/wp\/v2\/posts"}],"about":[{"href":"https:\/\/radiocresatelital.com\/index.php?rest_route=\/wp\/v2\/types\/post"}],"author":[{"embeddable":true,"href":"https:\/\/radiocresatelital.com\/index.php?rest_route=\/wp\/v2\/users\/2"}],"replies":[{"embeddable":true,"href":"https:\/\/radiocresatelital.com\/index.php?rest_route=%2Fwp%2Fv2%2Fcomments&post=7026"}],"version-history":[{"count":1,"href":"https:\/\/radiocresatelital.com\/index.php?rest_route=\/wp\/v2\/posts\/7026\/revisions"}],"predecessor-version":[{"id":7028,"href":"https:\/\/radiocresatelital.com\/index.php?rest_route=\/wp\/v2\/posts\/7026\/revisions\/7028"}],"wp:featuredmedia":[{"embeddable":true,"href":"https:\/\/radiocresatelital.com\/index.php?rest_route=\/wp\/v2\/media\/7027"}],"wp:attachment":[{"href":"https:\/\/radiocresatelital.com\/index.php?rest_route=%2Fwp%2Fv2%2Fmedia&parent=7026"}],"wp:term":[{"taxonomy":"category","embeddable":true,"href":"https:\/\/radiocresatelital.com\/index.php?rest_route=%2Fwp%2Fv2%2Fcategories&post=7026"},{"taxonomy":"post_tag","embeddable":true,"href":"https:\/\/radiocresatelital.com\/index.php?rest_route=%2Fwp%2Fv2%2Ftags&post=7026"}],"curies":[{"name":"wp","href":"https:\/\/api.w.org\/{rel}","templated":true}]}}