{"id":7022,"date":"2023-11-07T20:20:14","date_gmt":"2023-11-07T20:20:14","guid":{"rendered":"https:\/\/radiocresatelital.com\/?p=7022"},"modified":"2023-11-07T20:20:14","modified_gmt":"2023-11-07T20:20:14","slug":"mies-presenta-la-campana-nacional-solidaridad-sin-mendicidad-2023","status":"publish","type":"post","link":"https:\/\/radiocresatelital.com\/?p=7022","title":{"rendered":"MIES presenta la campa\u00f1a nacional \u201cSolidaridad Sin Mendicidad 2023\u201d"},"content":{"rendered":"<p>Quito.- Con un emotivo evento que se efectu\u00f3 hoy en el Parque del Deporte de la ciudad de Ambato, el Ministerio de Inclusi\u00f3n Econ\u00f3mica y Social (MIES) hizo el lanzamiento oficial de la campa\u00f1a nacional SOLIDARIDAD SIN MENDICIDAD 2023, cuyo objetivo es prevenir la mendicidad y el trabajo infantil, mediante la ejecuci\u00f3n de acciones de sensibilizaci\u00f3n y contenci\u00f3n con las que se pretende atender a m\u00e1s de 120.000 personas inmersas en estas problem\u00e1ticas.<\/p>\n<p>Esta campa\u00f1a se lleva adelante en el marco de la Mesa Nacional Solidaridad Sin Mendicidad, que se activ\u00f3 el pasado 30 de octubre y que es liderada por el MIES con el apoyo de 24 instituciones de Estado y seis organismos no gubernamentales. El lanzamiento de la campa\u00f1a 2023 cont\u00f3 con la presencia de las m\u00e1ximas autoridades y representantes de todas las instituciones participantes.<\/p>\n<p>El lanzamiento inici\u00f3 con una carrera de postas, que cont\u00f3 con la participaci\u00f3n de ni\u00f1as, ni\u00f1os y adolescentes usuarios de los servicios de erradicaci\u00f3n del trabajo infantil y mendicidad del MIES. En su intervenci\u00f3n, el ministro de Inclusi\u00f3n Econ\u00f3mica y Social, Esteban Bernal, dijo que, desde el primer d\u00eda de gesti\u00f3n, la pol\u00edtica social es una prioridad para el Gobierno del Presidente Guillermo Lasso. \u201cCon esta campa\u00f1a nacional reforzamos las acciones que llevamos adelante en beneficio de los sectores m\u00e1s vulnerables, especialmente de ni\u00f1as, ni\u00f1os y adolescentes en situaci\u00f3n de mendicidad y trabajo infantil\u201d, agreg\u00f3.<\/p>\n<p>Por su parte, Cecilia Zhunio, quien desde alrededor de un a\u00f1o es beneficiaria del servicio de erradicaci\u00f3n de la mendicidad del MIES, agradeci\u00f3 la atenci\u00f3n que ha recibido por parte del Gobierno Nacional. \u201cDurante este tiempo aprend\u00ed sobre los riesgos y peligros de practicar la mendicidad. A pesar de mi dif\u00edcil situaci\u00f3n s\u00e9 que ni yo ni mis hijas debemos exponernos y mendigar en calles o mercados\u201d, dijo la madre de familia.<\/p>\n<p>En un acto simb\u00f3lico, varias ni\u00f1as, ni\u00f1os y adolescentes colocaron bombillos en un \u00e1rbol de Navidad representando sus sue\u00f1os y anhelos. As\u00ed lo hizo Samantha, de 12 a\u00f1os, quien desde hace un a\u00f1o recibe atenci\u00f3n a trav\u00e9s del servicio de erradicaci\u00f3n del trabajo infantil, despu\u00e9s de ser abordada junto a su madre por el equipo t\u00e9cnico del MIES. Su sue\u00f1o es ser doctora y poder aportar a su comunidad del sector de Quinsapincha y apoyar a su madre, coment\u00f3 la adolescente.<\/p>\n<p>Solidaridad Sin Mendicidad 2023 se activar\u00e1 en todo el pa\u00eds, con \u00e9nfasis en 35 cantones priorizados a escala nacional: Ambato, Cevallos, Pelileo, Tisaleo, Esmeraldas, Babahoyo, Tulc\u00e1n, Mont\u00fafar, Bol\u00edvar, Mira, Cuenca, Guaranda, Chillanes, San Miguel, Guayaquil, Huaquillas, Dur\u00e1n, Ibarra, Otavalo, San Miguel de Urcuqu\u00ed, Loja, Jama, Manta, Latacunga, Saquisil\u00ed, Pujil\u00ed (Zumbahua), Quito, Rumi\u00f1ahui, Mej\u00eda, Cayambe, Riobamba, Colta, Guamote, Alaus\u00ed y Chunchi.<\/p>\n<p>Como parte de esta campa\u00f1a, varias instituciones del Estado como la Presidencia, Vicepresidencia, los ministerios de Trabajo, Interior, Salud, ECU-911, entre otros; organizaciones no gubernamentales como ACNUR, UNICEF, OIM, entre otras; y Gobiernos Aut\u00f3nomos Descentralizados, fortalecer\u00e1n las acciones de prevenci\u00f3n, atenci\u00f3n y protecci\u00f3n de las personas que se encuentran en trabajo infantil y mendicidad a nivel territorial.<\/p>\n<p>La viceministra de Inclusi\u00f3n Social del MIES, Ver\u00f3nica Cando, inform\u00f3 que los equipos t\u00e9cnicos ya est\u00e1n desplegados en territorio para hacer abordajes y observaci\u00f3n de casos; as\u00ed como para identificar, verificar y atender con nuestros servicios o, seg\u00fan corresponda, articular con las otras instituciones. Asimismo, las instituciones del Estado o ciudadan\u00eda podr\u00e1n reportar a personas en situaci\u00f3n de mendicidad o trabajo infantil, a trav\u00e9s de las Unidades de Polic\u00eda Comunitaria (UPC) m\u00e1s cercano o en los balcones de servicio de esta cartera de Estado.<\/p>\n<p>Tambi\u00e9n se trabajar\u00e1 conjuntamente en la recepci\u00f3n y distribuci\u00f3n de donaciones ciudadanas voluntarias de ropa, alimentos no perecibles, juguetes y confites en las oficinas del MIES de zonas y distritos; as\u00ed como en puntos habilitados a nivel nacional, que posteriormente se entregar\u00e1n a familias vulnerables en zonas priorizadas, a trav\u00e9s de actividades recreativas, de sensibilizaci\u00f3n y contenci\u00f3n.<\/p>\n<p>Cabe indicar que alrededor de 15.000 ni\u00f1as, ni\u00f1os, adolescentes y sus familias reciben atenci\u00f3n del MIES, con sus servicios de erradicaci\u00f3n del trabajo infantil, mendicidad y habitantes de calle, a escala nacional, para lo cual se mantienen 144 convenios de cooperaci\u00f3n con organizaciones sociales y gobiernos locales; lo que representa una inversi\u00f3n estatal de USD 9.5 millones.<\/p>\n<p>M\u00e1s tarde y como parte de su agenda en Ambato, el ministro Bernal particip\u00f3 en una feria de emprendimientos que tambi\u00e9n se hizo en el Parque del Deporte, con la participaci\u00f3n de alrededor de 30 usuarias del Cr\u00e9dito de Desarrollo Humano y del sector de la Econom\u00eda Popular y Solidaria (EPS), quienes promocionaron y comercializaron sus productos.<\/p>\n<p>Durante esta actividad inform\u00f3 sobre el programa \u201cMi Tienda del Barrio\u201d, que lleva adelante el Instituto de Econom\u00eda Popular y Solidaria, entidad adscrita al MIES, y que beneficiar\u00e1 a cerca de 7.000 propietarios de tiendas de las 24 provincias del pa\u00eds, de los cuales el 70% son mujeres. Agreg\u00f3 que, como parte de esta iniciativa, cada beneficiario recibir\u00e1 un capital de trabajo por alrededor de USD 1.500 (fondos no reembolsables), as\u00ed como capacitaci\u00f3n en competencias b\u00e1sicas y habilidades blandas; asistencia t\u00e9cnica y asesor\u00eda especializada en temas espec\u00edficos relacionados con el giro del negocio. \u201cEsto representar\u00e1 una inversi\u00f3n de alrededor de USD 22 millones por parte del Gobierno Nacional\u201d, se\u00f1al\u00f3 el Ministro.<\/p>\n","protected":false},"excerpt":{"rendered":"<p>Quito.- Con un emotivo evento que se efectu\u00f3 hoy en el Parque del Deporte de la ciudad de Ambato, el Ministerio de Inclusi\u00f3n Econ\u00f3mica y Social (MIES) hizo el lanzamiento oficial de la campa\u00f1a nacional SOLIDARIDAD SIN MENDICIDAD 2023, cuyo objetivo es prevenir la mendicidad y el trabajo infantil, mediante la ejecuci\u00f3n de acciones de [&hellip;]<\/p>\n","protected":false},"author":2,"featured_media":7023,"comment_status":"open","ping_status":"closed","sticky":false,"template":"","format":"standard","meta":{"_jetpack_memberships_contains_paid_content":false,"footnotes":""},"categories":[13],"tags":[237],"class_list":["post-7022","post","type-post","status-publish","format-standard","has-post-thumbnail","hentry","category-noticias-nacionales","tag-ministerio-de-inclusion-economica-y-social"],"jetpack_featured_media_url":"https:\/\/radiocresatelital.com\/wp-content\/uploads\/2023\/11\/3f862faf-3494-44f6-9f66-61d5a5834468.jpeg","jetpack_sharing_enabled":true,"_links":{"self":[{"href":"https:\/\/radiocresatelital.com\/index.php?rest_route=\/wp\/v2\/posts\/7022","targetHints":{"allow":["GET"]}}],"collection":[{"href":"https:\/\/radiocresatelital.com\/index.php?rest_route=\/wp\/v2\/posts"}],"about":[{"href":"https:\/\/radiocresatelital.com\/index.php?rest_route=\/wp\/v2\/types\/post"}],"author":[{"embeddable":true,"href":"https:\/\/radiocresatelital.com\/index.php?rest_route=\/wp\/v2\/users\/2"}],"replies":[{"embeddable":true,"href":"https:\/\/radiocresatelital.com\/index.php?rest_route=%2Fwp%2Fv2%2Fcomments&post=7022"}],"version-history":[{"count":1,"href":"https:\/\/radiocresatelital.com\/index.php?rest_route=\/wp\/v2\/posts\/7022\/revisions"}],"predecessor-version":[{"id":7024,"href":"https:\/\/radiocresatelital.com\/index.php?rest_route=\/wp\/v2\/posts\/7022\/revisions\/7024"}],"wp:featuredmedia":[{"embeddable":true,"href":"https:\/\/radiocresatelital.com\/index.php?rest_route=\/wp\/v2\/media\/7023"}],"wp:attachment":[{"href":"https:\/\/radiocresatelital.com\/index.php?rest_route=%2Fwp%2Fv2%2Fmedia&parent=7022"}],"wp:term":[{"taxonomy":"category","embeddable":true,"href":"https:\/\/radiocresatelital.com\/index.php?rest_route=%2Fwp%2Fv2%2Fcategories&post=7022"},{"taxonomy":"post_tag","embeddable":true,"href":"https:\/\/radiocresatelital.com\/index.php?rest_route=%2Fwp%2Fv2%2Ftags&post=7022"}],"curies":[{"name":"wp","href":"https:\/\/api.w.org\/{rel}","templated":true}]}}