{"id":7016,"date":"2023-11-07T19:51:20","date_gmt":"2023-11-07T19:51:20","guid":{"rendered":"https:\/\/radiocresatelital.com\/?p=7016"},"modified":"2023-11-07T20:21:27","modified_gmt":"2023-11-07T20:21:27","slug":"inversionistas-reciben-a-daniel-noboa-azin-muestran-interes-por-futuro-de-ecuador","status":"publish","type":"post","link":"https:\/\/radiocresatelital.com\/?p=7016","title":{"rendered":"Inversionistas reciben a Daniel Noboa Azin, muestran inter\u00e9s por futuro de Ecuador"},"content":{"rendered":"<p>Nueva York.- Cerca de un centenar de inversionistas recibieron al presidente electo Daniel Noboa Azin el martes 7 de noviembre de 2023 en Nueva York, con el fin de conocer el plan de gobierno que aplicar\u00e1 en Ecuador.<\/p>\n<p>El evento fue organizado por el Americas Society\/Council of the Americas (As\/coa) y cont\u00f3 con la participaci\u00f3n de presidentes, representantes y gerentes de empresas mineras, financieras, tecnol\u00f3gicas, de construcci\u00f3n, energ\u00e9ticas, inmobiliarias, entre otras.<\/p>\n<p>Ante el auditorio, Daniel Noboa Azin comparti\u00f3 su plan de dar seguridad al pa\u00eds y estabilidad a las empresas para que se decidan a invertir y ayuden a generar empleo en el pa\u00eds.<\/p>\n<p>Jos\u00e9 Mar\u00eda Barrionuevo, presidente ejecutivo de Brighthill Capital, firma de asesor\u00edas de inversi\u00f3n, se\u00f1al\u00f3 que el plan de Daniel Noboa Azin va por el camino correcto.<\/p>\n<p>\u201cLo cr\u00edtico es atraer mucho capital, para crear empleo. Eso es lo que le ha faltado a Ecuador para poder progresar y frenar el desempleo\u201d, asegur\u00f3.<\/p>\n<p>El Mandatario Electo se\u00f1al\u00f3 que busca volver competitivo al Ecuador, para convertirlo en un lugar atractivo para los inversionistas.<\/p>\n<p>Reiter\u00f3 que uno de los planes es reducir los impuestos a las empresas que contraten talento y mano de obra ecuatoriana, como parte de una reforma tributaria que busca el ordenamiento de la carga impositiva, lo que permitir\u00e1 al Ecuador ser m\u00e1s competitivo frente a los vecinos y obtener mayor inversi\u00f3n.<\/p>\n","protected":false},"excerpt":{"rendered":"<p>Nueva York.- Cerca de un centenar de inversionistas recibieron al presidente electo Daniel Noboa Azin el martes 7 de noviembre de 2023 en Nueva York, con el fin de conocer el plan de gobierno que aplicar\u00e1 en Ecuador. El evento fue organizado por el Americas Society\/Council of the Americas (As\/coa) y cont\u00f3 con la participaci\u00f3n [&hellip;]<\/p>\n","protected":false},"author":2,"featured_media":7017,"comment_status":"open","ping_status":"closed","sticky":false,"template":"","format":"standard","meta":{"_jetpack_memberships_contains_paid_content":false,"footnotes":""},"categories":[13],"tags":[556],"class_list":["post-7016","post","type-post","status-publish","format-standard","has-post-thumbnail","hentry","category-noticias-nacionales","tag-daniel-noboa"],"jetpack_featured_media_url":"https:\/\/radiocresatelital.com\/wp-content\/uploads\/2023\/11\/F-TUlAAXYAAi9ZL.jpeg","jetpack_sharing_enabled":true,"_links":{"self":[{"href":"https:\/\/radiocresatelital.com\/index.php?rest_route=\/wp\/v2\/posts\/7016","targetHints":{"allow":["GET"]}}],"collection":[{"href":"https:\/\/radiocresatelital.com\/index.php?rest_route=\/wp\/v2\/posts"}],"about":[{"href":"https:\/\/radiocresatelital.com\/index.php?rest_route=\/wp\/v2\/types\/post"}],"author":[{"embeddable":true,"href":"https:\/\/radiocresatelital.com\/index.php?rest_route=\/wp\/v2\/users\/2"}],"replies":[{"embeddable":true,"href":"https:\/\/radiocresatelital.com\/index.php?rest_route=%2Fwp%2Fv2%2Fcomments&post=7016"}],"version-history":[{"count":2,"href":"https:\/\/radiocresatelital.com\/index.php?rest_route=\/wp\/v2\/posts\/7016\/revisions"}],"predecessor-version":[{"id":7025,"href":"https:\/\/radiocresatelital.com\/index.php?rest_route=\/wp\/v2\/posts\/7016\/revisions\/7025"}],"wp:featuredmedia":[{"embeddable":true,"href":"https:\/\/radiocresatelital.com\/index.php?rest_route=\/wp\/v2\/media\/7017"}],"wp:attachment":[{"href":"https:\/\/radiocresatelital.com\/index.php?rest_route=%2Fwp%2Fv2%2Fmedia&parent=7016"}],"wp:term":[{"taxonomy":"category","embeddable":true,"href":"https:\/\/radiocresatelital.com\/index.php?rest_route=%2Fwp%2Fv2%2Fcategories&post=7016"},{"taxonomy":"post_tag","embeddable":true,"href":"https:\/\/radiocresatelital.com\/index.php?rest_route=%2Fwp%2Fv2%2Ftags&post=7016"}],"curies":[{"name":"wp","href":"https:\/\/api.w.org\/{rel}","templated":true}]}}