{"id":7013,"date":"2023-11-07T19:47:25","date_gmt":"2023-11-07T19:47:25","guid":{"rendered":"https:\/\/radiocresatelital.com\/?p=7013"},"modified":"2023-11-07T19:47:25","modified_gmt":"2023-11-07T19:47:25","slug":"ceremonia-de-condecoraciones-guayas-cuna-de-libertadores-en-conmemoracion-de-los-203-anos-de-provincializacion","status":"publish","type":"post","link":"https:\/\/radiocresatelital.com\/?p=7013","title":{"rendered":"Ceremonia de Condecoraciones \u00abGuayas, cuna de libertadores\u00bb en conmemoraci\u00f3n de los 203 a\u00f1os de provincializaci\u00f3n"},"content":{"rendered":"<p>Guayaquil.-El mi\u00e9rcoles 8 de noviembre, la provincia del Guayas se vestir\u00e1 de gala para celebrar un evento de gran relevancia en honor a su historia y legado con la ceremonia de condecoraciones, \u201cGuayas, Cuna de Libertadores\u00bb que marcar\u00e1 la conmemoraci\u00f3n de los 203 a\u00f1os de provincializaci\u00f3n, en un acto que reunir\u00e1 a destacados personajes y entidades que han contribuido al desarrollo, cultural, deportivo, art\u00edstico, acad\u00e9mico y emprendedor de esta hermosa provincia.<\/p>\n<p>El anfitri\u00f3n de esta velada tan especial el gobernador, Francesco Tabacchi, reconocido por su compromiso con la promoci\u00f3n de los valores c\u00edvicos y culturales de la provincia, busca honrar a aquellos guayasenses que d\u00eda tras d\u00eda contribuyen significativamente a su desarrollo.<\/p>\n<p><strong>Destacados Galardonados:<\/strong><br \/>\n1. Ray Kendry Pa\u00e9z Andrade: Joven revelaci\u00f3n del f\u00fatbol ecuatoriano y seleccionado a la temprana edad de 16 a\u00f1os, siendo el registro m\u00e1s joven en ser vendido al prestigioso equipo de f\u00fatbol, Chelsea de Inglaterra.<\/p>\n<p>2. Jos\u00e9 Manuel Reyes Villafuerte: Campe\u00f3n mundial de matem\u00e1ticas 2023, t\u00edtulo obtenido en Malasia, quien es un orgullo para Guayas y un ejemplo de excelencia acad\u00e9mica.<\/p>\n<p>3. Panader\u00eda California: Con 80 a\u00f1os de historia, ha endulzado el paladar de los ecuatorianos y se ha convertido en un referente en los mejores eventos, especialmente aquellos de car\u00e1cter familiar.<\/p>\n<p>4. Tallados Baque: Una familia de emprendedores en el arte del tallado que ha contribuido significativamente a la difusi\u00f3n de la cultura y las tradiciones ecuatorianas a trav\u00e9s de su trabajo artesanal. Sus tallados se aprecian a lo largo de la carretera del cant\u00f3n Pedro Carbo.<\/p>\n<p>5. Mis Adorables Entenados: Serie ic\u00f3nica de la televisi\u00f3n ecuatoriana que ha entretenido y conquistado el coraz\u00f3n de miles de espectadores a lo largo de los a\u00f1os.<\/p>\n<p>6. Academia de Danza Folcl\u00f3rica Arte y Cultura, ha desempe\u00f1ado un papel fundamental en la preservaci\u00f3n y difusi\u00f3n de los valores culturales de Ecuador a trav\u00e9s de la danza folcl\u00f3rica. Es oriunda del cant\u00f3n Milagro.<\/p>\n<p>\u201cGuayas, Cuna de Libertadores\u201d, se prepara para una noche inolvidable en la que se enaltecer\u00e1 su historia y cultura.<\/p>\n","protected":false},"excerpt":{"rendered":"<p>Guayaquil.-El mi\u00e9rcoles 8 de noviembre, la provincia del Guayas se vestir\u00e1 de gala para celebrar un evento de gran relevancia en honor a su historia y legado con la ceremonia de condecoraciones, \u201cGuayas, Cuna de Libertadores\u00bb que marcar\u00e1 la conmemoraci\u00f3n de los 203 a\u00f1os de provincializaci\u00f3n, en un acto que reunir\u00e1 a destacados personajes y [&hellip;]<\/p>\n","protected":false},"author":2,"featured_media":7014,"comment_status":"open","ping_status":"closed","sticky":false,"template":"","format":"standard","meta":{"_jetpack_memberships_contains_paid_content":false,"footnotes":""},"categories":[13],"tags":[964,1199],"class_list":["post-7013","post","type-post","status-publish","format-standard","has-post-thumbnail","hentry","category-noticias-nacionales","tag-gobernacion-del-guayas","tag-kendry-paez"],"jetpack_featured_media_url":"https:\/\/radiocresatelital.com\/wp-content\/uploads\/2023\/11\/Kendry-paez-ecuador-mundial-sub-20-2023-v2.jpg","jetpack_sharing_enabled":true,"_links":{"self":[{"href":"https:\/\/radiocresatelital.com\/index.php?rest_route=\/wp\/v2\/posts\/7013","targetHints":{"allow":["GET"]}}],"collection":[{"href":"https:\/\/radiocresatelital.com\/index.php?rest_route=\/wp\/v2\/posts"}],"about":[{"href":"https:\/\/radiocresatelital.com\/index.php?rest_route=\/wp\/v2\/types\/post"}],"author":[{"embeddable":true,"href":"https:\/\/radiocresatelital.com\/index.php?rest_route=\/wp\/v2\/users\/2"}],"replies":[{"embeddable":true,"href":"https:\/\/radiocresatelital.com\/index.php?rest_route=%2Fwp%2Fv2%2Fcomments&post=7013"}],"version-history":[{"count":1,"href":"https:\/\/radiocresatelital.com\/index.php?rest_route=\/wp\/v2\/posts\/7013\/revisions"}],"predecessor-version":[{"id":7015,"href":"https:\/\/radiocresatelital.com\/index.php?rest_route=\/wp\/v2\/posts\/7013\/revisions\/7015"}],"wp:featuredmedia":[{"embeddable":true,"href":"https:\/\/radiocresatelital.com\/index.php?rest_route=\/wp\/v2\/media\/7014"}],"wp:attachment":[{"href":"https:\/\/radiocresatelital.com\/index.php?rest_route=%2Fwp%2Fv2%2Fmedia&parent=7013"}],"wp:term":[{"taxonomy":"category","embeddable":true,"href":"https:\/\/radiocresatelital.com\/index.php?rest_route=%2Fwp%2Fv2%2Fcategories&post=7013"},{"taxonomy":"post_tag","embeddable":true,"href":"https:\/\/radiocresatelital.com\/index.php?rest_route=%2Fwp%2Fv2%2Ftags&post=7013"}],"curies":[{"name":"wp","href":"https:\/\/api.w.org\/{rel}","templated":true}]}}