{"id":7007,"date":"2023-11-07T04:12:31","date_gmt":"2023-11-07T04:12:31","guid":{"rendered":"https:\/\/radiocresatelital.com\/?p=7007"},"modified":"2023-11-07T04:12:31","modified_gmt":"2023-11-07T04:12:31","slug":"fuerte-temblor-se-registro-en-la-mana-prov-de-cotopaxi","status":"publish","type":"post","link":"https:\/\/radiocresatelital.com\/?p=7007","title":{"rendered":"Fuerte Temblor se registr\u00f3 en La Man\u00e1 Prov. de Cotopaxi"},"content":{"rendered":"<p>Guayaquil.- Aproximadamente a las 22h30 locales (03h30 GMT) se produjo un movimiento tel\u00farico de considerable intensidad que alarm\u00f3 a las personas que ya estaban en sus domicilios descansando y a punto de dormir.<\/p>\n<p>Cabe indicar que el temblor se sinti\u00f3 en algunas ciudades del Pa\u00eds entre ellas, Guayaquil, Quito y sus alrededores.<\/p>\n<p>El temblor se registr\u00f3 a las 22h33 locales (03h33 GMT) y fue localizado en La Man\u00e1 Prov. de Cotopaxi con una magnitud de 5.5 con una profundidad de 21 km, as\u00ed lo inform\u00f3 el Instituto Geof\u00edsico del Ecuador en su cuenta de X.<\/p>\n<p><img decoding=\"async\" src=\"https:\/\/pbs.twimg.com\/media\/F-TTLk8WQAA9jGO?format=jpg&amp;name=small\" alt=\"Imagen\" \/><\/p>\n","protected":false},"excerpt":{"rendered":"<p>Guayaquil.- Aproximadamente a las 22h30 locales (03h30 GMT) se produjo un movimiento tel\u00farico de considerable intensidad que alarm\u00f3 a las personas que ya estaban en sus domicilios descansando y a punto de dormir. Cabe indicar que el temblor se sinti\u00f3 en algunas ciudades del Pa\u00eds entre ellas, Guayaquil, Quito y sus alrededores. El temblor se [&hellip;]<\/p>\n","protected":false},"author":2,"featured_media":7008,"comment_status":"open","ping_status":"closed","sticky":false,"template":"","format":"standard","meta":{"_jetpack_memberships_contains_paid_content":false,"footnotes":""},"categories":[13],"tags":[795],"class_list":["post-7007","post","type-post","status-publish","format-standard","has-post-thumbnail","hentry","category-noticias-nacionales","tag-temblor"],"jetpack_featured_media_url":"https:\/\/radiocresatelital.com\/wp-content\/uploads\/2023\/11\/64c12c46e0eb6.png","jetpack_sharing_enabled":true,"_links":{"self":[{"href":"https:\/\/radiocresatelital.com\/index.php?rest_route=\/wp\/v2\/posts\/7007","targetHints":{"allow":["GET"]}}],"collection":[{"href":"https:\/\/radiocresatelital.com\/index.php?rest_route=\/wp\/v2\/posts"}],"about":[{"href":"https:\/\/radiocresatelital.com\/index.php?rest_route=\/wp\/v2\/types\/post"}],"author":[{"embeddable":true,"href":"https:\/\/radiocresatelital.com\/index.php?rest_route=\/wp\/v2\/users\/2"}],"replies":[{"embeddable":true,"href":"https:\/\/radiocresatelital.com\/index.php?rest_route=%2Fwp%2Fv2%2Fcomments&post=7007"}],"version-history":[{"count":1,"href":"https:\/\/radiocresatelital.com\/index.php?rest_route=\/wp\/v2\/posts\/7007\/revisions"}],"predecessor-version":[{"id":7009,"href":"https:\/\/radiocresatelital.com\/index.php?rest_route=\/wp\/v2\/posts\/7007\/revisions\/7009"}],"wp:featuredmedia":[{"embeddable":true,"href":"https:\/\/radiocresatelital.com\/index.php?rest_route=\/wp\/v2\/media\/7008"}],"wp:attachment":[{"href":"https:\/\/radiocresatelital.com\/index.php?rest_route=%2Fwp%2Fv2%2Fmedia&parent=7007"}],"wp:term":[{"taxonomy":"category","embeddable":true,"href":"https:\/\/radiocresatelital.com\/index.php?rest_route=%2Fwp%2Fv2%2Fcategories&post=7007"},{"taxonomy":"post_tag","embeddable":true,"href":"https:\/\/radiocresatelital.com\/index.php?rest_route=%2Fwp%2Fv2%2Ftags&post=7007"}],"curies":[{"name":"wp","href":"https:\/\/api.w.org\/{rel}","templated":true}]}}