{"id":6985,"date":"2023-11-06T23:37:33","date_gmt":"2023-11-06T23:37:33","guid":{"rendered":"https:\/\/radiocresatelital.com\/?p=6985"},"modified":"2023-11-06T23:37:33","modified_gmt":"2023-11-06T23:37:33","slug":"autoridades-provinciales-y-parroquiales-exigen-al-gobierno-el-pago-urgente-de-recursos","status":"publish","type":"post","link":"https:\/\/radiocresatelital.com\/?p=6985","title":{"rendered":"Autoridades Provinciales y Parroquiales exigen al Gobierno el pago urgente de recursos"},"content":{"rendered":"<p>Quito.- En Asamblea Extraordinaria convocada por los prefectos y prefectas del pa\u00eds, en la que tambi\u00e9n se dieron cita las autoridades de los gobiernos parroquiales y representantes de la federaci\u00f3n de trabajadores de los GAD provinciales, se puso de manifiesto el rechazo ante a la falta de los pagos de los recursos atrasados por parte del Gobierno Central.<\/p>\n<p>En dicha cita, se dio a conocer sobre la deuda hist\u00f3rica que mantiene el gobierno con las Prefecturas, poniendo c\u00f3mo \u00e9nfasis las asignaciones pendientes de los dos \u00faltimos meses correspondientes al Modelo de Equidad Territorial, cuyo monto asciende a m\u00e1s de 129 millones de d\u00f3lares, \u201crubros que son de vital importancia para la normal operatividad institucional, y que, sumados a la deuda total, ascienden a m\u00e1s de 550 millones de d\u00f3lares que comprenden la competencia de riego y drenaje, devoluci\u00f3n del IVA, Ley de Desarrollo Amaz\u00f3nico y los FINGAD\u201d,<br \/>\nrecalc\u00f3 la prefecta Paola Pab\u00f3n, presidenta del CONGOPE.<\/p>\n<p>La reuni\u00f3n tuvo como preocupaci\u00f3n principal el contar con los recursos necesarios para la ejecuci\u00f3n de obras de prevenci\u00f3n y mitigaci\u00f3n ante la llegada del Fen\u00f3meno El Ni\u00f1o.<\/p>\n<p>Al finalizar la reuni\u00f3n, se adoptaron -entre otras- las siguientes resoluciones:<\/p>\n<p>1. Exigir el dep\u00f3sito inmediato de las asignaciones correspondientes a los meses de septiembre y octubre del Modelo de Equidad Territorial, con el fin de continuar con las obras prioritarias de las 23 prefecturas del pa\u00eds y poder mitigar los efectos del \u201cFen\u00f3meno de El Ni\u00f1o\u201d.<\/p>\n<p>2. Denunciar el Acuerdo Ministerial 062 con el que se efect\u00faan el c\u00e1lculo de las asignaciones presupuestarias correspondientes al tercer cuatrimestre del a\u00f1o 2023, c\u00e1lculo en el cual nuevamente se produce una reducci\u00f3n de esas asignaciones, afectando una vez m\u00e1s, los principios y derechos constitucionales de los gobiernos aut\u00f3nomos descentralizados del Ecuador.<\/p>\n<p>3. Solicitar p\u00fablicamente una reuni\u00f3n con el Presidente de la Rep\u00fablica, para que reciba a los tres niveles de gobierno para que resuelva la dificultad que tenemos para comprar el combustible con subsidio y sin cupos limitados; adem\u00e1s de los permisos y licencias para poner tanques de almacenamiento de combustibles en las provincias.<\/p>\n<p>4. Solicitar p\u00fablicamente a la Corte Constitucional se resuelva lo antes posible la suspensi\u00f3n del Decreto 754 o en su lugar se plantee un per\u00edodo de transici\u00f3n para que las prefecturas puedan concluir obras de infraestructura con materiales p\u00e9treos y proyectos productivos para la ciudadan\u00eda.<\/p>\n","protected":false},"excerpt":{"rendered":"<p>Quito.- En Asamblea Extraordinaria convocada por los prefectos y prefectas del pa\u00eds, en la que tambi\u00e9n se dieron cita las autoridades de los gobiernos parroquiales y representantes de la federaci\u00f3n de trabajadores de los GAD provinciales, se puso de manifiesto el rechazo ante a la falta de los pagos de los recursos atrasados por parte [&hellip;]<\/p>\n","protected":false},"author":2,"featured_media":6986,"comment_status":"open","ping_status":"closed","sticky":false,"template":"","format":"standard","meta":{"_jetpack_memberships_contains_paid_content":false,"footnotes":""},"categories":[13],"tags":[1194],"class_list":["post-6985","post","type-post","status-publish","format-standard","has-post-thumbnail","hentry","category-noticias-nacionales","tag-congope"],"jetpack_featured_media_url":"https:\/\/radiocresatelital.com\/wp-content\/uploads\/2023\/11\/fbd2be10-ce67-4136-b25b-08737e1f14fa.jpeg","jetpack_sharing_enabled":true,"_links":{"self":[{"href":"https:\/\/radiocresatelital.com\/index.php?rest_route=\/wp\/v2\/posts\/6985","targetHints":{"allow":["GET"]}}],"collection":[{"href":"https:\/\/radiocresatelital.com\/index.php?rest_route=\/wp\/v2\/posts"}],"about":[{"href":"https:\/\/radiocresatelital.com\/index.php?rest_route=\/wp\/v2\/types\/post"}],"author":[{"embeddable":true,"href":"https:\/\/radiocresatelital.com\/index.php?rest_route=\/wp\/v2\/users\/2"}],"replies":[{"embeddable":true,"href":"https:\/\/radiocresatelital.com\/index.php?rest_route=%2Fwp%2Fv2%2Fcomments&post=6985"}],"version-history":[{"count":1,"href":"https:\/\/radiocresatelital.com\/index.php?rest_route=\/wp\/v2\/posts\/6985\/revisions"}],"predecessor-version":[{"id":6987,"href":"https:\/\/radiocresatelital.com\/index.php?rest_route=\/wp\/v2\/posts\/6985\/revisions\/6987"}],"wp:featuredmedia":[{"embeddable":true,"href":"https:\/\/radiocresatelital.com\/index.php?rest_route=\/wp\/v2\/media\/6986"}],"wp:attachment":[{"href":"https:\/\/radiocresatelital.com\/index.php?rest_route=%2Fwp%2Fv2%2Fmedia&parent=6985"}],"wp:term":[{"taxonomy":"category","embeddable":true,"href":"https:\/\/radiocresatelital.com\/index.php?rest_route=%2Fwp%2Fv2%2Fcategories&post=6985"},{"taxonomy":"post_tag","embeddable":true,"href":"https:\/\/radiocresatelital.com\/index.php?rest_route=%2Fwp%2Fv2%2Ftags&post=6985"}],"curies":[{"name":"wp","href":"https:\/\/api.w.org\/{rel}","templated":true}]}}