{"id":698,"date":"2023-07-03T18:19:43","date_gmt":"2023-07-03T18:19:43","guid":{"rendered":"https:\/\/radiocresatelital.com\/?p=698"},"modified":"2023-07-03T18:19:52","modified_gmt":"2023-07-03T18:19:52","slug":"volante-ecuatoriano-jose-carabali-firmo-con-orense","status":"publish","type":"post","link":"https:\/\/radiocresatelital.com\/?p=698","title":{"rendered":"Volante Ecuatoriano Jos\u00e9 Carabal\u00ed firm\u00f3 con Orense"},"content":{"rendered":"<p><strong>Por: Ariel Su\u00e1rez<\/strong><\/p>\n<p>Machala.- Jos\u00e9 Carabal\u00ed firm\u00f3 con Orense SC y ya entren\u00f3 hoy lunes con el cuadro machale\u00f1o.<\/p>\n<p>Luego de la salida de Marlon Mej\u00eda, Adolfo Mu\u00f1oz y el brasile\u00f1o David Ribeiro, Jos\u00e9 Carabal\u00ed se convirti\u00f3 en el primer refuerzo del cuadro bananero para la segunda etapa.<\/p>\n<p>El futbolista ya entren\u00f3 hoy con el equipo y est\u00e1 a las disposiciones del t\u00e9cnico Juan Carlos Le\u00f3n.<br \/>\nCarabal\u00ed puede jugar como lateral y extremo.<\/p>\n<p>El jugador visti\u00f3 la camiseta del Everest, Unibolivar, Puerto Quito, Universidad Cat\u00f3lica y ahora Orense.<\/p>\n<p>Tambi\u00e9n visti\u00f3 la camiseta de la selecci\u00f3n ecuatoriana de f\u00fatbol al mando de Gustavo Alfaro en cuatro ocasiones, tres por partidos amistosos y uno por eliminatorias al mundial de Qatar 2023.<\/p>\n","protected":false},"excerpt":{"rendered":"<p>Por: Ariel Su\u00e1rez Machala.- Jos\u00e9 Carabal\u00ed firm\u00f3 con Orense SC y ya entren\u00f3 hoy lunes con el cuadro machale\u00f1o. Luego de la salida de Marlon Mej\u00eda, Adolfo Mu\u00f1oz y el brasile\u00f1o David Ribeiro, Jos\u00e9 Carabal\u00ed se convirti\u00f3 en el primer refuerzo del cuadro bananero para la segunda etapa. El futbolista ya entren\u00f3 hoy con el [&hellip;]<\/p>\n","protected":false},"author":2,"featured_media":699,"comment_status":"open","ping_status":"closed","sticky":false,"template":"","format":"standard","meta":{"_jetpack_memberships_contains_paid_content":false,"footnotes":""},"categories":[73],"tags":[135,127],"class_list":["post-698","post","type-post","status-publish","format-standard","has-post-thumbnail","hentry","category-liga-pro","tag-liga-pro","tag-orense"],"jetpack_featured_media_url":"https:\/\/radiocresatelital.com\/wp-content\/uploads\/2023\/07\/294179bb-a0a2-4fe1-a830-e2ec5216f79e.jpg","jetpack_sharing_enabled":true,"_links":{"self":[{"href":"https:\/\/radiocresatelital.com\/index.php?rest_route=\/wp\/v2\/posts\/698","targetHints":{"allow":["GET"]}}],"collection":[{"href":"https:\/\/radiocresatelital.com\/index.php?rest_route=\/wp\/v2\/posts"}],"about":[{"href":"https:\/\/radiocresatelital.com\/index.php?rest_route=\/wp\/v2\/types\/post"}],"author":[{"embeddable":true,"href":"https:\/\/radiocresatelital.com\/index.php?rest_route=\/wp\/v2\/users\/2"}],"replies":[{"embeddable":true,"href":"https:\/\/radiocresatelital.com\/index.php?rest_route=%2Fwp%2Fv2%2Fcomments&post=698"}],"version-history":[{"count":2,"href":"https:\/\/radiocresatelital.com\/index.php?rest_route=\/wp\/v2\/posts\/698\/revisions"}],"predecessor-version":[{"id":701,"href":"https:\/\/radiocresatelital.com\/index.php?rest_route=\/wp\/v2\/posts\/698\/revisions\/701"}],"wp:featuredmedia":[{"embeddable":true,"href":"https:\/\/radiocresatelital.com\/index.php?rest_route=\/wp\/v2\/media\/699"}],"wp:attachment":[{"href":"https:\/\/radiocresatelital.com\/index.php?rest_route=%2Fwp%2Fv2%2Fmedia&parent=698"}],"wp:term":[{"taxonomy":"category","embeddable":true,"href":"https:\/\/radiocresatelital.com\/index.php?rest_route=%2Fwp%2Fv2%2Fcategories&post=698"},{"taxonomy":"post_tag","embeddable":true,"href":"https:\/\/radiocresatelital.com\/index.php?rest_route=%2Fwp%2Fv2%2Ftags&post=698"}],"curies":[{"name":"wp","href":"https:\/\/api.w.org\/{rel}","templated":true}]}}