{"id":6978,"date":"2023-11-06T21:52:25","date_gmt":"2023-11-06T21:52:25","guid":{"rendered":"https:\/\/radiocresatelital.com\/?p=6978"},"modified":"2023-11-06T21:52:25","modified_gmt":"2023-11-06T21:52:25","slug":"mas-de-30-menores-entre-ellos-un-bebe-de-9-meses-fueron-asesinados-a-sangre-fria-antonio-guterres","status":"publish","type":"post","link":"https:\/\/radiocresatelital.com\/?p=6978","title":{"rendered":"M\u00e1s de 30 menores, entre ellos un beb\u00e9 de 9 meses, fueron asesinados a sangre fr\u00eda, Antonio Guterres"},"content":{"rendered":"<p>Tel Aviv.- \u00abGaza se est\u00e1 convirtiendo en un cementerio de ni\u00f1os\u00bb, fue el comentario de las autoridades de Ham\u00e1s que anuncian m\u00e1s de 10.000 muertos en la Franja de Gaza, pero que la suma de menores de edad llega a 4.104, fueron las palabras del secretario general de la ONU, Antonio Guterres, abren un nuevo enfrentamiento con Israel.<\/p>\n<p>\u00abQu\u00e9 verg\u00fcenza\u00bb, respondi\u00f3 con brusquedad el ministro de Asuntos Exteriores del Estado jud\u00edo, Eli Cohen.<\/p>\n<p>\u00abM\u00e1s de 30 menores, entre ellos un beb\u00e9 de 9 meses, pero tambi\u00e9n ni\u00f1os y adolescentes que presenciaron los asesinatos a sangre fr\u00eda de sus padres, est\u00e1n retenidos en la Franja contra su voluntad. Ham\u00e1s es el problema en Gaza &#8211; tron\u00f3 Cohen en la red social X- no las acciones de Israel para eliminar a esta organizaci\u00f3n terrorista\u00bb.<\/p>\n<p>En la Franja dividida en dos por el avance del ej\u00e9rcito y el asedio de la ciudad de Gaza, Israel contin\u00faa mientras tanto eliminando a los l\u00edderes de Ham\u00e1s, identificando y destruyendo uno por uno los t\u00faneles de la facci\u00f3n, acreditada por varias fuentes por haber construido una red de m\u00e1s de 500 kil\u00f3metros en todo el enclave palestino.<\/p>\n<p>Jamal Mussa, jefe de las operaciones especiales de seguridad de Ham\u00e1s, muri\u00f3 en redadas durante las \u00faltimas 24 horas.<\/p>\n<p>\u00abEn 1993 -explic\u00f3 el portavoz militar- Mussa dirigi\u00f3 un ataque contra soldados israel\u00edes que patrullaban en la Franja\u00bb.<\/p>\n<p>En intensos ataques nocturnos en el norte (450 en total), el ej\u00e9rcito dijo que hab\u00eda causado da\u00f1os importantes a la infraestructura subterr\u00e1nea y de superficie y hab\u00eda matado a los comandantes que se escond\u00edan all\u00ed.<\/p>\n<p>Seg\u00fan el ej\u00e9rcito, estas eliminaciones est\u00e1n perturbando las operaciones de Ham\u00e1s. Mientras la facci\u00f3n isl\u00e1mica calific\u00f3 de \u00abmentiras\u00bb las afirmaciones israel\u00edes de que los t\u00faneles est\u00e1n construidos bajo los hospitales de Gaza y utilizados como basti\u00f3n para sus milicianos, invitando a la ONU a inspeccionar las cl\u00ednicas de la Franja para verificar la realidad de los hechos.<\/p>\n<p>El ej\u00e9rcito israel\u00ed respondi\u00f3 que hab\u00eda identificado y destruido complejos utilizados por Gaza para el lanzamiento de cohetes, incluido uno dentro de una mezquita. Luego a\u00f1adi\u00f3 que hab\u00eda descubierto \u00abm\u00e1s de 50 cohetes\u00bb en otra instalaci\u00f3n \u00abutilizada para actividades juveniles\u00bb.<\/p>\n<p>En resumen, los combates contin\u00faan con gran intensidad pero a\u00fan hoy se abri\u00f3 durante 4 horas un corredor humanitario a lo largo de la carretera Salah a-Din -que atraviesa toda la Franja- para permitir a los desplazados abandonar la parte norte de Gaza y dirigirse a la sur.<\/p>\n<p>Un intento de paliar la situaci\u00f3n pero destinado a inundar a\u00fan m\u00e1s la zona sur del enclave. Tambi\u00e9n sobre este tema intervino Guterres que, adem\u00e1s de pedir un alto el fuego inmediato, inst\u00f3 a las dos partes en conflicto a respetar \u00ablas obligaciones del derecho internacional humanitario: esto significa, la liberaci\u00f3n incondicional de los rehenes en Gaza, el cese del uso de civiles como escudos humanos y la r\u00e1pida entrada de ayuda humanitaria\u00bb en la Franja, desde alimentos hasta combustible, que, sin embargo, se ve lastrada por el veto del premier israel\u00ed, Benjamin Netanyahu.<\/p>\n<p>Despu\u00e9s de cuatro d\u00edas, en tanto, Ham\u00e1s desbloque\u00f3 el cruce de Rafah, permitiendo una vez m\u00e1s la salida a extranjeros y personas con doble pasaporte.<\/p>\n<p>Seis ambulancias que transportaban a palestinos heridos, seg\u00fan anunciaron fuentes en El Cairo, llegaron a Egipto y los pacientes fueron sometidos a pruebas m\u00e9dicas en la frontera antes de ser trasladados a los hospitales.<\/p>\n<p>\u00abPor lo que a nosotros respecta casi todos los italianos, excepto los que quer\u00edan quedarse, entre ellos un par de operadores de la Cruz Roja, han abandonado la Franja\u00bb, anunci\u00f3 el responsable de la Farnesina, Antonio Tajani.<\/p>\n<p>Si el frente de Gaza sigue siendo el principal, el del norte entre Israel y el L\u00edbano -sin olvidar la ardiente Cisjordania- est\u00e1 empeorando cada vez m\u00e1s.<\/p>\n<p>Seg\u00fan el Estado jud\u00edo, Hezbol\u00e1 dispar\u00f3 unos 30 cohetes, de los cuales 16 fueron reivindicados por Ham\u00e1s.<\/p>\n<p>En respuesta, despu\u00e9s de haber evacuado las zonas cercanas al L\u00edbano, el ej\u00e9rcito atac\u00f3 el territorio liban\u00e9s.<\/p>\n<p>Sigue siendo fuerte el temor de que el conflicto degenere y se extienda a todo el Medio Oriente. No es casualidad que Estados Unidos -hoy el presidente Joe Biden volvi\u00f3 a hablar con el primer ministro Netanyahu, insistiendo en \u00abpausas t\u00e1cticas\u00bb en los combates- haya anunciado el despliegue de un submarino nuclear de clase Ohio en la regi\u00f3n.<\/p>\n<p>Finalmente, una vez que parti\u00f3 el secretario de estado, Antony Blinken, el jefe de la CIA, William Burns, lleg\u00f3 a Jerusal\u00e9n.<\/p>\n","protected":false},"excerpt":{"rendered":"<p>Tel Aviv.- \u00abGaza se est\u00e1 convirtiendo en un cementerio de ni\u00f1os\u00bb, fue el comentario de las autoridades de Ham\u00e1s que anuncian m\u00e1s de 10.000 muertos en la Franja de Gaza, pero que la suma de menores de edad llega a 4.104, fueron las palabras del secretario general de la ONU, Antonio Guterres, abren un nuevo [&hellip;]<\/p>\n","protected":false},"author":2,"featured_media":6979,"comment_status":"open","ping_status":"closed","sticky":false,"template":"","format":"standard","meta":{"_jetpack_memberships_contains_paid_content":false,"footnotes":""},"categories":[7],"tags":[1191,1192],"class_list":["post-6978","post","type-post","status-publish","format-standard","has-post-thumbnail","hentry","category-futbol-internacional","tag-antonio-guterres","tag-secretario-de-la-onu"],"jetpack_featured_media_url":"https:\/\/radiocresatelital.com\/wp-content\/uploads\/2023\/11\/antonio-guterres.jpg","jetpack_sharing_enabled":true,"_links":{"self":[{"href":"https:\/\/radiocresatelital.com\/index.php?rest_route=\/wp\/v2\/posts\/6978","targetHints":{"allow":["GET"]}}],"collection":[{"href":"https:\/\/radiocresatelital.com\/index.php?rest_route=\/wp\/v2\/posts"}],"about":[{"href":"https:\/\/radiocresatelital.com\/index.php?rest_route=\/wp\/v2\/types\/post"}],"author":[{"embeddable":true,"href":"https:\/\/radiocresatelital.com\/index.php?rest_route=\/wp\/v2\/users\/2"}],"replies":[{"embeddable":true,"href":"https:\/\/radiocresatelital.com\/index.php?rest_route=%2Fwp%2Fv2%2Fcomments&post=6978"}],"version-history":[{"count":1,"href":"https:\/\/radiocresatelital.com\/index.php?rest_route=\/wp\/v2\/posts\/6978\/revisions"}],"predecessor-version":[{"id":6980,"href":"https:\/\/radiocresatelital.com\/index.php?rest_route=\/wp\/v2\/posts\/6978\/revisions\/6980"}],"wp:featuredmedia":[{"embeddable":true,"href":"https:\/\/radiocresatelital.com\/index.php?rest_route=\/wp\/v2\/media\/6979"}],"wp:attachment":[{"href":"https:\/\/radiocresatelital.com\/index.php?rest_route=%2Fwp%2Fv2%2Fmedia&parent=6978"}],"wp:term":[{"taxonomy":"category","embeddable":true,"href":"https:\/\/radiocresatelital.com\/index.php?rest_route=%2Fwp%2Fv2%2Fcategories&post=6978"},{"taxonomy":"post_tag","embeddable":true,"href":"https:\/\/radiocresatelital.com\/index.php?rest_route=%2Fwp%2Fv2%2Ftags&post=6978"}],"curies":[{"name":"wp","href":"https:\/\/api.w.org\/{rel}","templated":true}]}}