{"id":6962,"date":"2023-11-06T20:53:11","date_gmt":"2023-11-06T20:53:11","guid":{"rendered":"https:\/\/radiocresatelital.com\/?p=6962"},"modified":"2023-11-06T20:53:11","modified_gmt":"2023-11-06T20:53:11","slug":"atacante-de-17-anos-es-llamado-para-reemplazar-a-neymar-jr-para-la-doble-fecha-de-eliminatorias","status":"publish","type":"post","link":"https:\/\/radiocresatelital.com\/?p=6962","title":{"rendered":"Atacante de 17 a\u00f1os es llamado para reemplazar a Neymar Jr para la doble fecha de Eliminatorias"},"content":{"rendered":"<p>Brasilia.- El t\u00e9cnico de la Selecci\u00f3n Brasile\u00f1a de F\u00fatbol, ha hecho la convocatoria para la doble fecha de eliminatorias sudamericanas y entre los nuevos nombres ha llamado al atacante de 17 a\u00f1os Endrick que llega por el lesionado Neymar.<\/p>\n<p class=\"prose-text\" data-mrf-recirculation=\"Links article\">El\u00a0jugador del Palmeiras, que se unir\u00e1 al Real Madrid cuando cumpla la mayor\u00eda de edad, en 2024, se estrenar\u00e1 con la\u00a0<i>Sele\u00e7\u00e3o<\/i>\u00a0en los\u00a0choques en Colombia, el 16 de noviembre, y contra Argentina, el 21, en el estadio Maracan\u00e1 de Rio de Janeiro, inform\u00f3 este lunes la Confederaci\u00f3n Brasile\u00f1a de F\u00fatbol (CBF).<\/p>\n<p class=\"prose-text\" data-mrf-recirculation=\"Links article\">\u201cTiene potencial para ser un gran talento\u00a0(&#8230;)\u00a0Esa convocatoria no es una presi\u00f3n adicional, es un premio, y tambi\u00e9n una visi\u00f3n de futuro\u201d, dijo en rueda de prensa el t\u00e9cnico Fernando Diniz.<\/p>\n<p class=\"prose-text\" data-mrf-recirculation=\"Links article\">Endrick, por quien el\u00a0Real Madrid desembols\u00f3 no menos de 72 millones de euros\u00a0seg\u00fan la prensa brasile\u00f1a, anot\u00f3 tres goles en los dos \u00faltimos partidos del campeonato con el Palmeiras.<\/p>\n<p class=\"prose-text\" data-mrf-recirculation=\"Links article\">Con 17 a\u00f1os y tres meses,\u00a0es el m\u00e1s joven en ser llamado a la selecci\u00f3n brasile\u00f1a desde Ronaldo, en 1994.<\/p>\n<p class=\"prose-text\" data-mrf-recirculation=\"Links article\">\u201cQue un muchacho nacido en 2006 sea capaz de esas haza\u00f1as desde hace tiempo me llama la atenci\u00f3n. Actualmente\u00a0vive su mejor momento, consiguiendo sobresalir entre los grandes equipos brasile\u00f1os\u201d, explic\u00f3 el tambi\u00e9n t\u00e9cnico del Fluminense, consagrado campe\u00f3n de la Copa Libertadores el s\u00e1bado contra Boca Juniors.<\/p>\n<p class=\"prose-text\" data-mrf-recirculation=\"Links article\">Sin Neymar, que\u00a0se recupera de una operaci\u00f3n de rodilla\u00a0realizada la semana pasada,\u00a0el ataque de la Canarinha tuvo remodelaciones.<\/p>\n<p class=\"prose-text\" data-mrf-recirculation=\"Links article\">Tambi\u00e9n estrenar\u00e1n en la selecci\u00f3n brasile\u00f1a Joao Pedro, de 22 a\u00f1os, con un buen arranque de temporada en el Brighton;\u00a0Paulinho\u00a0(23 a\u00f1os), que juega en el Atl\u00e9tico Mineiro; y\u00a0Pep\u00ea\u00a0(26 a\u00f1os), del FC Porto.<\/p>\n<p class=\"prose-text\" data-mrf-recirculation=\"Links article\">\u201cLa convocatoria de Endrick y otros m\u00e1s\u00a0apunta a lo que puede ser el futuro\u201d, afirm\u00f3 Diniz.<\/p>\n<p class=\"prose-text\" data-mrf-recirculation=\"Links article\">Por otro lado,\u00a0estar\u00e1 ausente Richarlison\u00a0(Tottenham), que fue atacante titular de Brasil en el Mundial 2022, en Qatar.<\/p>\n<p class=\"prose-text\" data-mrf-recirculation=\"Links article\">Otra pieza de la\u00a0<i>Selecao<\/i>, el capit\u00e1n\u00a0Casemiro, centrocampista del Manchester United, se lesion\u00f3 en los isquiotibiales el pasado mi\u00e9rcoles contra Newcastle, por la Copa de Inglaterra, y ser\u00e1 baja por \u201cvarias semanas\u201d, inform\u00f3 su club.<\/p>\n<p class=\"prose-text\" data-mrf-recirculation=\"Links article\">Brasil recibi\u00f3 sendos golpes en sus m\u00e1s recientes choques por el premundial\u00a0suramericano, el mes pasado: un empate\u00a01-1 en casa frente a Venezuela\u00a0y una\u00a0derrota 2-0 contra Uruguay\u00a0en Montevideo.<\/p>\n<p data-mrf-recirculation=\"Links article\">La lista de convocados es la siguiente:<\/p>\n<p class=\"prose-text\" data-mrf-recirculation=\"Links article\"><b>Arqueros:<\/b>\u00a0Alisson (Liverpool\/ENG), Ederson (Manchester City\/ENG), Lucas Perri (Botafogo)<\/p>\n<p class=\"prose-text\" data-mrf-recirculation=\"Links article\"><b>Defensas:<\/b>\u00a0Emerson Royal (Tottenham\/ENG), Carlos Augusto (Inter Milan\/ITA), Renan Lodi (Olympique de Marseille\/FRA), Bremer (Juventus, ITA), Gabriel Magalhaes (Arsenal\/ENG), Marquinhos (PSG, FRA), Nino (Fluminense)<\/p>\n<p class=\"prose-text\" data-mrf-recirculation=\"Links article\"><b>Mediocampistas:<\/b>\u00a0Andr\u00e9 (Fluminense), Bruno Guimaraes (Newcastle\/ENG), Douglas Luiz (Aston Villa\/ENG), Joeliton (Newcastle\/ENG), Raphael Veiga (Palmeiras), Rodrygo (Real Madrid\/ESP)<\/p>\n<p class=\"prose-text\" data-mrf-recirculation=\"Links article\"><b>Atacantes:<\/b> Endrick (Palmeiras), Gabriel Jesus (Arsenal\/ENG), Gabriel Martinelli (Arsenal\/ENG), Jo\u00e3o Pedro (Brighton\/ENG), Paulinho (Atl\u00e9tico Mineiro), Pep\u00ea (Porto\/POR), Raphinha (FC Barcelona\/ESP), Vinicius Jr (Real Madrid\/ESP).<\/p>\n","protected":false},"excerpt":{"rendered":"<p>Brasilia.- El t\u00e9cnico de la Selecci\u00f3n Brasile\u00f1a de F\u00fatbol, ha hecho la convocatoria para la doble fecha de eliminatorias sudamericanas y entre los nuevos nombres ha llamado al atacante de 17 a\u00f1os Endrick que llega por el lesionado Neymar. El\u00a0jugador del Palmeiras, que se unir\u00e1 al Real Madrid cuando cumpla la mayor\u00eda de edad, en [&hellip;]<\/p>\n","protected":false},"author":2,"featured_media":6964,"comment_status":"open","ping_status":"closed","sticky":false,"template":"","format":"standard","meta":{"_jetpack_memberships_contains_paid_content":false,"footnotes":""},"categories":[46,7],"tags":[1188,760],"class_list":["post-6962","post","type-post","status-publish","format-standard","has-post-thumbnail","hentry","category-eliminatorias-sudamericanas","category-futbol-internacional","tag-endrick","tag-seleccion-brasil"],"jetpack_featured_media_url":"https:\/\/radiocresatelital.com\/wp-content\/uploads\/2023\/11\/3819837-77629668-2560-1440.jpg","jetpack_sharing_enabled":true,"_links":{"self":[{"href":"https:\/\/radiocresatelital.com\/index.php?rest_route=\/wp\/v2\/posts\/6962","targetHints":{"allow":["GET"]}}],"collection":[{"href":"https:\/\/radiocresatelital.com\/index.php?rest_route=\/wp\/v2\/posts"}],"about":[{"href":"https:\/\/radiocresatelital.com\/index.php?rest_route=\/wp\/v2\/types\/post"}],"author":[{"embeddable":true,"href":"https:\/\/radiocresatelital.com\/index.php?rest_route=\/wp\/v2\/users\/2"}],"replies":[{"embeddable":true,"href":"https:\/\/radiocresatelital.com\/index.php?rest_route=%2Fwp%2Fv2%2Fcomments&post=6962"}],"version-history":[{"count":1,"href":"https:\/\/radiocresatelital.com\/index.php?rest_route=\/wp\/v2\/posts\/6962\/revisions"}],"predecessor-version":[{"id":6965,"href":"https:\/\/radiocresatelital.com\/index.php?rest_route=\/wp\/v2\/posts\/6962\/revisions\/6965"}],"wp:featuredmedia":[{"embeddable":true,"href":"https:\/\/radiocresatelital.com\/index.php?rest_route=\/wp\/v2\/media\/6964"}],"wp:attachment":[{"href":"https:\/\/radiocresatelital.com\/index.php?rest_route=%2Fwp%2Fv2%2Fmedia&parent=6962"}],"wp:term":[{"taxonomy":"category","embeddable":true,"href":"https:\/\/radiocresatelital.com\/index.php?rest_route=%2Fwp%2Fv2%2Fcategories&post=6962"},{"taxonomy":"post_tag","embeddable":true,"href":"https:\/\/radiocresatelital.com\/index.php?rest_route=%2Fwp%2Fv2%2Ftags&post=6962"}],"curies":[{"name":"wp","href":"https:\/\/api.w.org\/{rel}","templated":true}]}}