{"id":6915,"date":"2023-11-05T00:38:17","date_gmt":"2023-11-05T00:38:17","guid":{"rendered":"https:\/\/radiocresatelital.com\/?p=6915"},"modified":"2023-11-05T00:38:17","modified_gmt":"2023-11-05T00:38:17","slug":"acevedo-campeon-de-karate-en-juegos-panamericanos","status":"publish","type":"post","link":"https:\/\/radiocresatelital.com\/?p=6915","title":{"rendered":"Acevedo campe\u00f3n de karate en Juegos Panamericanos"},"content":{"rendered":"<p>Santiago.- Jos\u00e9 Antonio Acevedo inscribi\u00f3 su nombre en la historia del deporte Panamericano al lograr la medalla de oro en karate, divisi\u00f3n -84 kg. masculino kumite, luego de vencer en la final al colombiano Rub\u00e9n Henao por 3-2.<\/p>\n<p>Y si bien su combate de debut en los Juegos Panamericanos Santiago 2023 no fue lo que esperaba, debido a que perdi\u00f3 con el mismo Henao, en el inicio de la ronda eliminatoria \u201ctodos contra todos\u201d del Grupo A, a partir de su segundo combate no tuvo rival que lo supere.<\/p>\n<p>\u201cNo tuve un buen inicio debido a que entr\u00e9 un poco fuera de tono, siempre me cuesta asimilar mis primeros combates; pero con el pasar de los minutos me asiento y voy escalando nivel hasta sentirme fuerte, l\u00f3gicamente manejando una estrategia clara que la hablamos con mi entrenador\u2026 A partir de ahi, todo lo hago m\u00e1s seguro\u201d, a\u00f1ade.<\/p>\n<p>Tras la ca\u00edda ante el colombiano por 1-8, super\u00f3 a combate seguido y de manera contundente (9-1) al paraguayo Jes\u00fas Servin, para luego cerrar la ronda eliminatoria con otro triunfo mostrando superioridad sobre el mexicano Pablo Benavides por 7-4, lo que lo clasificaba autom\u00e1ticamente para disputar la semifinal 2 de la divisi\u00f3n -84 Kg.<\/p>\n<p>Con este logro, Acevedo asegura haber cerrado un gran a\u00f1o y, debido a que su deporte no estar\u00e1 en los Juegos Ol\u00edmpicos de Par\u00eds 2024, agrega que \u201cmejor cierre de Ciclo Ol\u00edmpico no pude haber tenido\u2026 Sin duda ha sido un gran a\u00f1o\u2026\u201d<\/p>\n<p>Acevedo fue tambi\u00e9n campe\u00f3n bolivariano en Valledupar 2022 y suramericano en Asunci\u00f3n 2022. \u201cGracias a todos los que me apoyaron, a mis abuelitos Saul e Isabel que est\u00e1n en el cielo , a mis padres, a Valeria (Echever) y especialmente a mi entrenador Dionisio Gustavo, quienes me apoyaron siempre\u201d.<\/p>\n<p>A prop\u00f3sito de su entrenador de nacionalidad dominicana, Acevedo asegur\u00f3 que su pr\u00f3ximo objetivo ser\u00e1 superarlo\u2026 \u201cSe lo dije a Dionisio que hoy ganar\u00eda mi primera medalla de oro y que luego ir\u00eda por dos m\u00e1s para superarlo\u2026 Si es as\u00ed, bienvenido sea\u2026\u201d.<\/p>\n<p>Por cierto, la extraordinaria carrera como deportista del hoy entrenador dominicano se resume en dos medallas de oros y una de plata en tres versiones seguidas de los Juegos Panamericanos en la divisi\u00f3n 75 Kg.; adem\u00e1s el 19 noviembre pr\u00f3ximo ser\u00e1 elevado a la inmortalidad en el Pabell\u00f3n Fama del deporte dominicano\u2026 Sin duda, un lindo reto para Jos\u00e9 Antonio\u2026<\/p>\n<p>El karate lleg\u00f3 a los Juegos Panamericanos Santiago 2023 con una delegaci\u00f3n de cuatro atletas, divididos en tres para Kumite y uno en kata y, a falta de una participaci\u00f3n, la de Fred Proa\u00f1o en la divisi\u00f3n -75 Kg., le est\u00e1 entregando al pa\u00eds dos medallas, una de oro y otra\u00a0de\u00a0plata\u2026<\/p>\n","protected":false},"excerpt":{"rendered":"<p>Santiago.- Jos\u00e9 Antonio Acevedo inscribi\u00f3 su nombre en la historia del deporte Panamericano al lograr la medalla de oro en karate, divisi\u00f3n -84 kg. masculino kumite, luego de vencer en la final al colombiano Rub\u00e9n Henao por 3-2. Y si bien su combate de debut en los Juegos Panamericanos Santiago 2023 no fue lo que [&hellip;]<\/p>\n","protected":false},"author":2,"featured_media":6916,"comment_status":"open","ping_status":"closed","sticky":false,"template":"","format":"standard","meta":{"_jetpack_memberships_contains_paid_content":false,"footnotes":""},"categories":[942],"tags":[943],"class_list":["post-6915","post","type-post","status-publish","format-standard","has-post-thumbnail","hentry","category-juegos-panamericanos","tag-juegos-panamericanos-santiago"],"jetpack_featured_media_url":"https:\/\/radiocresatelital.com\/wp-content\/uploads\/2023\/11\/30675d59-5019-e0ad-7f9d-ff2da82939ac.jpg","jetpack_sharing_enabled":true,"_links":{"self":[{"href":"https:\/\/radiocresatelital.com\/index.php?rest_route=\/wp\/v2\/posts\/6915","targetHints":{"allow":["GET"]}}],"collection":[{"href":"https:\/\/radiocresatelital.com\/index.php?rest_route=\/wp\/v2\/posts"}],"about":[{"href":"https:\/\/radiocresatelital.com\/index.php?rest_route=\/wp\/v2\/types\/post"}],"author":[{"embeddable":true,"href":"https:\/\/radiocresatelital.com\/index.php?rest_route=\/wp\/v2\/users\/2"}],"replies":[{"embeddable":true,"href":"https:\/\/radiocresatelital.com\/index.php?rest_route=%2Fwp%2Fv2%2Fcomments&post=6915"}],"version-history":[{"count":1,"href":"https:\/\/radiocresatelital.com\/index.php?rest_route=\/wp\/v2\/posts\/6915\/revisions"}],"predecessor-version":[{"id":6917,"href":"https:\/\/radiocresatelital.com\/index.php?rest_route=\/wp\/v2\/posts\/6915\/revisions\/6917"}],"wp:featuredmedia":[{"embeddable":true,"href":"https:\/\/radiocresatelital.com\/index.php?rest_route=\/wp\/v2\/media\/6916"}],"wp:attachment":[{"href":"https:\/\/radiocresatelital.com\/index.php?rest_route=%2Fwp%2Fv2%2Fmedia&parent=6915"}],"wp:term":[{"taxonomy":"category","embeddable":true,"href":"https:\/\/radiocresatelital.com\/index.php?rest_route=%2Fwp%2Fv2%2Fcategories&post=6915"},{"taxonomy":"post_tag","embeddable":true,"href":"https:\/\/radiocresatelital.com\/index.php?rest_route=%2Fwp%2Fv2%2Ftags&post=6915"}],"curies":[{"name":"wp","href":"https:\/\/api.w.org\/{rel}","templated":true}]}}