{"id":6900,"date":"2023-11-04T18:32:54","date_gmt":"2023-11-04T18:32:54","guid":{"rendered":"https:\/\/radiocresatelital.com\/?p=6900"},"modified":"2023-11-04T18:32:54","modified_gmt":"2023-11-04T18:32:54","slug":"oro-y-marca-mundial-en-el-relevo-mixto","status":"publish","type":"post","link":"https:\/\/radiocresatelital.com\/?p=6900","title":{"rendered":"Oro y marca mundial en el relevo mixto"},"content":{"rendered":"<p>Santiago.- Daniel Pintado y Glenda Morej\u00f3n grabaron su nombre en la historia de los Juegos Panamericanos al convertirse en los primeros campeones de esta prueba in\u00e9dita en Santiago 2023.<\/p>\n<p>Solo bast\u00f3 una posta para tomar la delantera y desde entonces los marchistas Glenda Morej\u00f3n y Daniel Pintado jam\u00e1s soltaron la punta de la marat\u00f3n de 42 km relevos mixtos de la marcha en los Juegos Panamericanos Santiago 2023.<\/p>\n<p>Con 2:56:49 la dupla tricolor estableci\u00f3 una nueva marca mundial, panamericana y nacional en una prueba in\u00e9dita, que espera tener su debut en los pr\u00f3ximos Juegos Ol\u00edmpicos Par\u00eds 2024. El segundo lugar se lo llev\u00f3 Per\u00fa con la doble campeona mundial 2022 Kimberly Garc\u00eda y C\u00e9sar Rodr\u00edguez, que arribaron cuatro minutos despu\u00e9s a la meta. El tercer lugar fue para Brasil con Caio Bonfim y Viviane Santana.<\/p>\n<p>\u201cMe siento contenta el saber que tenemos un gran equipo para esta prueba. Tambi\u00e9n estoy contenta de saber que la marca a nivel del mundo, ya que fue una prueba oficial y esperamos seguir mejorando y que esa marca siga siendo nuestra\u201d, dijo Glenda<\/p>\n<p>\u201cBastante feliz con el resultado que tuvimos, de hacer equipo con Glenda. Con que el resultado y las cosas nos hayan salido bien. Dar gracias a Dios a todas las personas que nos han estado apoyando, y felices hay que disfrutarlo y pensar ya en Par\u00eds 2024\u201d, se\u00f1al\u00f3 Daniel.<\/p>\n<p>Pintado arranc\u00f3 la competencia con 11 km. La mayor parte del recorrido estuvo muy cerca del peruano y del brasile\u00f1o. Glenda Morej\u00f3n tom\u00f3 la posta para cumplir con 10 km m\u00e1s del recorrido y fue quien sac\u00f3 la ventaja a ambos pa\u00edses. En el tercer cambio Daniel mantuvo el liderato y en el \u00faltimo Glenda entr\u00f3 para cerrar el recorrido conquistando el triunfo.<\/p>\n<p>\u201cFue muy importante la primera parte de ambos. Sab\u00edamos que el equipo de Per\u00fa es bastante fuerte, sab\u00edamos que Glenda a Brasil si pod\u00eda sacarle ventaja, lo que yo trat\u00e9 fue irme con Caio, fuimos a un ritmo bastante fuerte, eso fue importante y despu\u00e9s Glenda creo que en la primera posta que le ced\u00ed termin\u00f3 el trabajo porque abrimos m\u00e1s ventaja\u201d, dijo Daniel.<\/p>\n<p>\u201cEl esfuerzo fue de los dos y esta medalla se la dedico a todo el pa\u00eds y a disfrutar de todo esto\u201d, agreg\u00f3 Glenda.<\/p>\n<p>En el podio los marchistas tuvieron el honor de recibir la medalla de oro de manos del campe\u00f3n ol\u00edmpico de Atlanta 1996 y tres veces medallista de oro en Juegos Panamericanos Jefferson P\u00e9rez Quezada.<\/p>\n<p>\u201cNo puedo ocultar la sensaci\u00f3n tan fuerte que tuve al momento de poner las medallas sobre el cuello, eso es una experiencia \u00fanica, de recibir a entregar y el entregar es una emoci\u00f3n much\u00edsima m\u00e1s grande. Quiero agradecer infinitamente al presidente del Comit\u00e9 Ol\u00edmpico Ecuatoriano, a todo su directorio que tuvieron la gentileza de invitarme, porque hay cosas que quiz\u00e1s uno puede adquirirlas materialmente, pero estas emociones son dif\u00edciles a veces de vivirlas\u201d, coment\u00f3 Jeff con voz entrecortada por la emoci\u00f3n.<\/p>\n<p>\u201cUna emoci\u00f3n muy grande ya que \u00e9l es un gran referente del pa\u00eds, saber que \u00e9l est\u00e1 aqu\u00ed apoy\u00e1ndonos, motiv\u00e1ndonos, d\u00e1ndonos sus consejos, realmente es un orgullo que \u00e9l est\u00e9 aqu\u00ed presente\u201d, dijo Glenda<\/p>\n<p>\u201cPara m\u00ed es importante, Jefferson es un referente de la marcha mundial, no solo del Ecuador, feliz de tenerlo aqu\u00ed, contar con todo el equipo. Me gust\u00f3 mucho que mucha gente est\u00e1 aqu\u00ed apoy\u00e1ndonos, haci\u00e9ndonos barra. El Comit\u00e9 Ol\u00edmpico tambi\u00e9n pendiente de todo lo que hicimos, creo que fue un trabajo del equipo\u201d, se\u00f1al\u00f3 Daniel.<\/p>\n<p>Con el tiempo anotado en Santiago 2023, Ecuador queda con muy buenas expectativas rumbo al Mundial de Marcha por Equipos que se desarrollar\u00e1 en Turqu\u00eda el pr\u00f3ximo a\u00f1o y entregar\u00e1 las plazas ol\u00edmpicas para esta prueba a Par\u00eds 2024. La presea dorada signific\u00f3 la sexta para el pa\u00eds en el certamen.<\/p>\n","protected":false},"excerpt":{"rendered":"<p>Santiago.- Daniel Pintado y Glenda Morej\u00f3n grabaron su nombre en la historia de los Juegos Panamericanos al convertirse en los primeros campeones de esta prueba in\u00e9dita en Santiago 2023. Solo bast\u00f3 una posta para tomar la delantera y desde entonces los marchistas Glenda Morej\u00f3n y Daniel Pintado jam\u00e1s soltaron la punta de la marat\u00f3n de [&hellip;]<\/p>\n","protected":false},"author":2,"featured_media":6901,"comment_status":"open","ping_status":"closed","sticky":false,"template":"","format":"standard","meta":{"_jetpack_memberships_contains_paid_content":false,"footnotes":""},"categories":[9,942],"tags":[493],"class_list":["post-6900","post","type-post","status-publish","format-standard","has-post-thumbnail","hentry","category-deportes","category-juegos-panamericanos","tag-juegos-panamericanos"],"jetpack_featured_media_url":"https:\/\/radiocresatelital.com\/wp-content\/uploads\/2023\/11\/c87d0ee7-7428-581d-e72a-ca8a803e2132.jpg","jetpack_sharing_enabled":true,"_links":{"self":[{"href":"https:\/\/radiocresatelital.com\/index.php?rest_route=\/wp\/v2\/posts\/6900","targetHints":{"allow":["GET"]}}],"collection":[{"href":"https:\/\/radiocresatelital.com\/index.php?rest_route=\/wp\/v2\/posts"}],"about":[{"href":"https:\/\/radiocresatelital.com\/index.php?rest_route=\/wp\/v2\/types\/post"}],"author":[{"embeddable":true,"href":"https:\/\/radiocresatelital.com\/index.php?rest_route=\/wp\/v2\/users\/2"}],"replies":[{"embeddable":true,"href":"https:\/\/radiocresatelital.com\/index.php?rest_route=%2Fwp%2Fv2%2Fcomments&post=6900"}],"version-history":[{"count":1,"href":"https:\/\/radiocresatelital.com\/index.php?rest_route=\/wp\/v2\/posts\/6900\/revisions"}],"predecessor-version":[{"id":6902,"href":"https:\/\/radiocresatelital.com\/index.php?rest_route=\/wp\/v2\/posts\/6900\/revisions\/6902"}],"wp:featuredmedia":[{"embeddable":true,"href":"https:\/\/radiocresatelital.com\/index.php?rest_route=\/wp\/v2\/media\/6901"}],"wp:attachment":[{"href":"https:\/\/radiocresatelital.com\/index.php?rest_route=%2Fwp%2Fv2%2Fmedia&parent=6900"}],"wp:term":[{"taxonomy":"category","embeddable":true,"href":"https:\/\/radiocresatelital.com\/index.php?rest_route=%2Fwp%2Fv2%2Fcategories&post=6900"},{"taxonomy":"post_tag","embeddable":true,"href":"https:\/\/radiocresatelital.com\/index.php?rest_route=%2Fwp%2Fv2%2Ftags&post=6900"}],"curies":[{"name":"wp","href":"https:\/\/api.w.org\/{rel}","templated":true}]}}